{"id":3321,"date":"2026-04-26T00:35:00","date_gmt":"2026-04-25T22:35:00","guid":{"rendered":"http:\/\/www.parafiakuligow.pl\/?p=3321"},"modified":"2026-04-25T22:38:25","modified_gmt":"2026-04-25T20:38:25","slug":"26-kwietnia-2026","status":"publish","type":"post","link":"http:\/\/www.parafiakuligow.pl\/index.php\/2026\/04\/26\/26-kwietnia-2026\/","title":{"rendered":"26 kwietnia 2026"},"content":{"rendered":"\n<ol type=\"1\"><li>W niedziel\u0119 Dobrego Pasterza prze\u017cywamy wizytacj\u0119 w parafii. Na obu Mszach \u015bw. jest obecny Bp. Jacek Grzybowski \u2013 sufragan Diecezji Warszawsko \u2013 Praskiej. Zapraszamy do udzia\u0142u w tej uroczysto\u015bci.<\/li><li>W tym tygodniu prze\u017cywa\u0107 b\u0119dziemy:<br>&#8211; w \u015brod\u0119 29.04 \u2013 \u015bwi\u0119to \u015bw. Katarzyny Siene\u0144skiej Dziewicy i Doktora Ko\u015bcio\u0142a.<br>&#8211; w pi\u0105tek 1.05 &#8211; rozpoczynamy nabo\u017ce\u0144stwa majowe. Z racji pierwszego pi\u0105tku miesi\u0105ca spowied\u017a od godz. 17.00 do 17.30. O godz. 17.30 Wystawienie Naj\u015bwi\u0119tszego Sakramentu i nabo\u017ce\u0144stwo majowe. Msza \u015bw. o godz. 18.00 sprawowana z Uroczysto\u015bci Naj\u015bwi\u0119tszej Marii Panny Kr\u00f3lowej Polski.<br>&#8211; w sobot\u0119 2 maja \u2013 Uroczysto\u015b\u0107 Naj\u015bwi\u0119tszej Marii Panny Kr\u00f3lowej Polski, g\u0142\u00f3wnej Patronki Polski. Nabo\u017ce\u0144stwo majowe o godz. 17.30. Msze \u015bw. w tym dniu o godz. 9.00 i 18.00. Zapraszamy.<\/li><li>Od 26 kwietnia do 2 maja 2026 \u2013 prze\u017cywamy Tydzie\u0144 modlitwy o powo\u0142ania do kap\u0142a\u0144stwa i \u017cycia konsekrowanego. Zapraszamy do modlitwy.<\/li><li>W przysz\u0142\u0105 niedziel\u0119 3 maja na Mszy \u015bw. o godz. 11.00 katecheza dla rodzic\u00f3w i dzieci przygotowuj\u0105cych si\u0119 do pierwszej komunii \u015bw.<\/li><li>Zach\u0119camy do nabywania i czytania tygodnika \u201eIdziemy\u201d.<\/li><li>\u017byczymy B\u0142ogos\u0142awionego tygodnia zapraszaj\u0105c do naszej pi\u0119knej \u015bwi\u0105tyni.<\/li><\/ol>\n\n\n\n<p><strong>Intencje Mszalne<\/strong><\/p>\n\n\n\n<figure class=\"wp-block-table\"><table><tbody><tr><td><strong>Data<\/strong><\/td><td><strong>dzie\u0144<\/strong><\/td><td><strong>Godzina<\/strong><\/td><td><strong>Intencja<\/strong><\/td><\/tr><tr><td><strong>26.04<\/strong><\/td><td><strong>Niedziela<\/strong><\/td><td>9.00<strong><\/strong><\/td><td>zaj\u0119ta p. M\u0142oduchowska<strong><\/strong><\/td><\/tr><tr><td><strong>&nbsp;<\/strong><\/td><td><strong>&nbsp;<\/strong><\/td><td>11.00<\/td><td>+ Andrzeja Karasiewicza rocznic\u0119 \u015bmierci + Czes\u0142aw, Kazimiera Karasiewicz<\/td><\/tr><tr><td>27.04<\/td><td>Poniedzia\u0142ek<\/td><td>18.00<\/td><td>&nbsp;<\/td><\/tr><tr><td>28.04<\/td><td>Wtorek<\/td><td>7.00<\/td><td>&nbsp;<\/td><\/tr><tr><td>29.04<\/td><td>\u015aroda<\/td><td>18.00<\/td><td>+ Gra\u017cyna Gajewska<\/td><\/tr><tr><td>30.04<\/td><td>Czwartek<\/td><td>7.00<\/td><td>za parafian<\/td><\/tr><tr><td>01.05<\/td><td>Pi\u0105tek<\/td><td>18.00<\/td><td>+ Ann\u0119 i Zygmunta Liszewskich<\/td><\/tr><tr><td>02.05<\/td><td>Sobota<\/td><td>&nbsp;<\/td><td>Uroczysto\u015b\u0107 Naj\u015bwi\u0119tszej Marii Panny<\/td><\/tr><tr><td>&nbsp;<\/td><td>&nbsp;<\/td><td>9.00<\/td><td>&nbsp;<\/td><\/tr><tr><td>&nbsp;<\/td><td>&nbsp;<\/td><td>18.00<\/td><td>intencja \u017bywego R\u00f3\u017ca\u0144ca<\/td><\/tr><tr><td><strong>03.05<\/strong><\/td><td><strong>Niedziela<\/strong><\/td><td>9.00<\/td><td>+ Teresa Jusi\u0144ska<\/td><\/tr><tr><td><strong>&nbsp;<\/strong><\/td><td><strong>&nbsp;<\/strong><\/td><td>11.00<\/td><td>zaj\u0119ta p. Gajdek<\/td><\/tr><\/tbody><\/table><\/figure>\n","protected":false},"excerpt":{"rendered":"<p>W niedziel\u0119 Dobrego Pasterza prze\u017cywamy wizytacj\u0119 w parafii. Na obu Mszach \u015bw. jest obecny Bp. Jacek Grzybowski \u2013 sufragan Diecezji Warszawsko \u2013 Praskiej. Zapraszamy do udzia\u0142u w tej uroczysto\u015bci. W tym tygodniu prze\u017cywa\u0107 b\u0119dziemy:&#8211; w \u015brod\u0119 29.04 \u2013 \u015bwi\u0119to \u015bw. Katarzyny Siene\u0144skiej Dziewicy i Doktora Ko\u015bcio\u0142a.&#8211; w pi\u0105tek 1.05 &#8211; [&hellip;]<\/p>\n","protected":false},"author":2,"featured_media":0,"comment_status":"closed","ping_status":"closed","sticky":false,"template":"","format":"standard","meta":[],"categories":[2],"tags":[],"_links":{"self":[{"href":"http:\/\/www.parafiakuligow.pl\/index.php\/wp-json\/wp\/v2\/posts\/3321"}],"collection":[{"href":"http:\/\/www.parafiakuligow.pl\/index.php\/wp-json\/wp\/v2\/posts"}],"about":[{"href":"http:\/\/www.parafiakuligow.pl\/index.php\/wp-json\/wp\/v2\/types\/post"}],"author":[{"embeddable":true,"href":"http:\/\/www.parafiakuligow.pl\/index.php\/wp-json\/wp\/v2\/users\/2"}],"replies":[{"embeddable":true,"href":"http:\/\/www.parafiakuligow.pl\/index.php\/wp-json\/wp\/v2\/comments?post=3321"}],"version-history":[{"count":3,"href":"http:\/\/www.parafiakuligow.pl\/index.php\/wp-json\/wp\/v2\/posts\/3321\/revisions"}],"predecessor-version":[{"id":3325,"href":"http:\/\/www.parafiakuligow.pl\/index.php\/wp-json\/wp\/v2\/posts\/3321\/revisions\/3325"}],"wp:attachment":[{"href":"http:\/\/www.parafiakuligow.pl\/index.php\/wp-json\/wp\/v2\/media?parent=3321"}],"wp:term":[{"taxonomy":"category","embeddable":true,"href":"http:\/\/www.parafiakuligow.pl\/index.php\/wp-json\/wp\/v2\/categories?post=3321"},{"taxonomy":"post_tag","embeddable":true,"href":"http:\/\/www.parafiakuligow.pl\/index.php\/wp-json\/wp\/v2\/tags?post=3321"}],"curies":[{"name":"wp","href":"https:\/\/api.w.org\/{rel}","templated":true}]}}