{"id":3293,"date":"2026-03-28T20:11:00","date_gmt":"2026-03-28T19:11:00","guid":{"rendered":"https:\/\/www.parafiakuligow.pl\/?p=3293"},"modified":"2026-03-29T20:47:33","modified_gmt":"2026-03-29T18:47:33","slug":"adoracja-pana-jezusa-5-kwietnia-2026","status":"publish","type":"post","link":"http:\/\/www.parafiakuligow.pl\/index.php\/2026\/03\/28\/adoracja-pana-jezusa-5-kwietnia-2026\/","title":{"rendered":"Adoracja Pana Jezusa &#8211; 4 kwietnia 2026"},"content":{"rendered":"\n<p>9:00 \u2013 10:00 ulica Wojska Polskiego<\/p>\n\n\n\n<p>10:00 \u2013 11:00 ul. Za\u0142ubicka, Brzozowa, Zapolna, Cytrynowa Zakopia\u0144ska<\/p>\n\n\n\n<p>11:00 -12:00 ul. Radzymi\u0144ska, Choinki, Loreta\u0144ska, Le\u015bna, Podle\u015bna, Bagienna<\/p>\n\n\n\n<p>12:00 \u2013 13:00 ul. Okr\u0119\u017cna, Kr\u0119ta, Wrzosowa, Ko\u015bcielna, Prosta, Lipowa<\/p>\n\n\n\n<p>13:00 &#8211; 14:00 ul. Nadbu\u017ca\u0144ska, Serocka<\/p>\n\n\n\n<p>14:00 \u2013 15:00 ul. Jagiello\u0144ska, Topolowa<\/p>\n\n\n\n<p>15:00 \u2013 16:00 ul. Warszawska, Malinowa, Grobla, D\u0119binowa<\/p>\n\n\n\n<p>Zapraszamy do modlitwy adoracyjnej.<\/p>\n","protected":false},"excerpt":{"rendered":"<p>9:00 \u2013 10:00 ulica Wojska Polskiego 10:00 \u2013 11:00 ul. Za\u0142ubicka, Brzozowa, Zapolna, Cytrynowa Zakopia\u0144ska 11:00 -12:00 ul. Radzymi\u0144ska, Choinki, Loreta\u0144ska, Le\u015bna, Podle\u015bna, Bagienna 12:00 \u2013 13:00 ul. Okr\u0119\u017cna, Kr\u0119ta, Wrzosowa, Ko\u015bcielna, Prosta, Lipowa 13:00 &#8211; 14:00 ul. Nadbu\u017ca\u0144ska, Serocka 14:00 \u2013 15:00 ul. Jagiello\u0144ska, Topolowa 15:00 \u2013 16:00 ul. [&hellip;]<\/p>\n","protected":false},"author":2,"featured_media":0,"comment_status":"closed","ping_status":"closed","sticky":false,"template":"","format":"standard","meta":[],"categories":[2],"tags":[],"_links":{"self":[{"href":"http:\/\/www.parafiakuligow.pl\/index.php\/wp-json\/wp\/v2\/posts\/3293"}],"collection":[{"href":"http:\/\/www.parafiakuligow.pl\/index.php\/wp-json\/wp\/v2\/posts"}],"about":[{"href":"http:\/\/www.parafiakuligow.pl\/index.php\/wp-json\/wp\/v2\/types\/post"}],"author":[{"embeddable":true,"href":"http:\/\/www.parafiakuligow.pl\/index.php\/wp-json\/wp\/v2\/users\/2"}],"replies":[{"embeddable":true,"href":"http:\/\/www.parafiakuligow.pl\/index.php\/wp-json\/wp\/v2\/comments?post=3293"}],"version-history":[{"count":6,"href":"http:\/\/www.parafiakuligow.pl\/index.php\/wp-json\/wp\/v2\/posts\/3293\/revisions"}],"predecessor-version":[{"id":3303,"href":"http:\/\/www.parafiakuligow.pl\/index.php\/wp-json\/wp\/v2\/posts\/3293\/revisions\/3303"}],"wp:attachment":[{"href":"http:\/\/www.parafiakuligow.pl\/index.php\/wp-json\/wp\/v2\/media?parent=3293"}],"wp:term":[{"taxonomy":"category","embeddable":true,"href":"http:\/\/www.parafiakuligow.pl\/index.php\/wp-json\/wp\/v2\/categories?post=3293"},{"taxonomy":"post_tag","embeddable":true,"href":"http:\/\/www.parafiakuligow.pl\/index.php\/wp-json\/wp\/v2\/tags?post=3293"}],"curies":[{"name":"wp","href":"https:\/\/api.w.org\/{rel}","templated":true}]}}