{"id":328,"date":"2016-02-27T13:28:34","date_gmt":"2016-02-27T12:28:34","guid":{"rendered":"http:\/\/www.parafiakuligow.pl\/?p=328"},"modified":"2016-02-27T13:28:34","modified_gmt":"2016-02-27T12:28:34","slug":"28-lutego-2016-r-iii-niedziela-wielkiego-postu","status":"publish","type":"post","link":"http:\/\/www.parafiakuligow.pl\/index.php\/2016\/02\/27\/28-lutego-2016-r-iii-niedziela-wielkiego-postu\/","title":{"rendered":"28 lutego 2016 r.  III Niedziela Wielkiego Postu"},"content":{"rendered":"<p>1. B\u00f3g zap\u0142a\u0107 wszystkim, kt\u00f3rzy w zesz\u0142\u0105 niedziel\u0119 w\u0142\u0105czyli si\u0119 w zbi\u00f3rk\u0119 ofiar na misje. Zebrali\u015bmy 244 z\u0142ote.<\/p>\n<p>2. We wtorek 1 marca Narodowy Dzie\u0144 Pami\u0119ci \u017bo\u0142nierzy Wykl\u0119tych. Pami\u0119tajmy o nich i o sprawie o kt\u00f3r\u0105 walczyli w naszych modlitwach.<\/p>\n<p>3. Najbli\u017csza \u015broda 2 marca to I \u015broda miesi\u0105ca. Z tej racji o godz. 18.00 Msza \u015bwi\u0119ta za wszystkich zmar\u0142ych poleconych nam w wypominkach.<\/p>\n<p>4. W pi\u0105tek 4 marca \u015bwi\u0119to \u015bw. Kazimierza Kr\u00f3lewicza. Wszystkim solenizantom i solenizantkom sk\u0142adamy serdeczne \u017cyczenia Bo\u017cego b\u0142ogos\u0142awie\u0144stwa i opieki \u015bwi\u0119tego patrona. Jest to te\u017c I pi\u0105tek miesi\u0105ca. Spowied\u017a od godz. 17.15.<\/p>\n<p>5. W sobot\u0119 5 marca ze wzgl\u0119du na spowied\u017a w Za\u0142ubicach zmiana godziny Mszy \u015bw. Zamiast jak zwykle o 18.00 Msza \u015bw. w sobot\u0119 b\u0119dzie o 7.00.<\/p>\n<p>6. W tym tygodniu b\u0119dzie te\u017c nadzwyczajna mo\u017cliwo\u015b\u0107 spowiedzi w Radzyminie. Zgodnie z sugesti\u0105 Ojca \u015awi\u0119tego Franciszka, r\u00f3wnie\u017c w\u00a0naszej Diecezji b\u0119dziemy prze\u017cywa\u0107 inicjatyw\u0119 \u201e24 godziny dla Pana\u201d. Czas od pi\u0105tku 4 marca, od godz. 15.00 do soboty 5 marca r\u00f3wnie\u017c do godz. 15.00 b\u0119dzie szczeg\u00f3ln\u0105 okazj\u0105 do prze\u017cycia Sakramentu Pokuty i\u00a0Pojednania, sprawowanego przez pe\u0142n\u0105 dob\u0119 w\u00a0wybranych \u015bwi\u0105tyniach. W naszym dekanacie tak\u0105 \u015bwi\u0105tyni\u0105 b\u0119dzie kolegiata w Radzyminie.<\/p>\n<p>7. Zapraszamy do udzia\u0142u w wielkopostnych nabo\u017ce\u0144stwach ku czci M\u0119ki Pa\u0144skiej. Droga krzy\u017cowa w pi\u0105tki o godz. 17.30. Gorzkie \u017cale w niedziele po Mszy \u015bw. o godz. 11.00.<\/p>\n<p>8. Rekolekcje wielkopostne w naszej parafii odb\u0119d\u0105 si\u0119 10, 11 i 12 marca; w czwartek, pi\u0105tek i sobot\u0119 przed V niedziel\u0105 Wielkiego Postu. Ka\u017cdego dnia b\u0119d\u0105 dwie Msze \u015bw. z nauk\u0105 rekolekcyjn\u0105 o godz. 11.00 i 18.00 oraz mo\u017cliwo\u015b\u0107 spowiedzi. Rekolekcje poprowadzi ks. Wojciech Krai\u0144ski proboszcz z Choszcz\u00f3wki Stojeckiej. W\u0142\u0105czmy to wydarzenie do naszych plan\u00f3w i do naszej modlitwy.<\/p>\n<p><strong>Intencje mszalne:<\/strong><\/p>\n<p><strong>ndz 28. II<br \/>\nIII Niedziela Wielkiego Postu<\/strong><br \/>\ng. 9.00 \u00a0 + Romana w dniu imienin i Jadwigi Kostrzew\u00f3w oraz o udan\u0105 rehabilitacj\u0119 i szybki powr\u00f3t do zdrowia dla pani Agnieszki Nowi\u0144skiej<br \/>\ng. 11.00 \u00a0+ Janiny Wi\u015bniewskiej \u2013 gregoria\u0144ska 28<\/p>\n<p><strong>pn 29. II<br \/>\n<\/strong>g. 18.00 + Janiny Wi\u015bniewskiej \u2013 gregoria\u0144ska 29<\/p>\n<p><strong>wt 1. III<br \/>\n<\/strong> g. 7.00 + Janiny Wi\u015bniewskiej \u2013 gregoria\u0144ska 30<\/p>\n<p><strong>\u015br 2. III<br \/>\n<\/strong>g. 18.00 + Za wszystkich zmar\u0142ych poleconych w wypominkach<\/p>\n<p><strong>czw 3. III<br \/>\n<\/strong> g. 7.00 O zdrowie, b\u0142ogos\u0142awie\u0144stwo Bo\u017ce i potrzebne \u0142aski dla Anny i Mariana Kosteckich, dla ich dzieci i wnuk\u00f3w<\/p>\n<p><strong>pt 4. III<br \/>\n<\/strong> \u015awi\u0119to \u015bw. Kazimierza Kr\u00f3lewicza g. 18.00 O zdrowie, b\u0142ogos\u0142awie\u0144stwo Bo\u017ce i potrzebne \u0142aski dla Anny i Mariana Kosteckich, dla ich dzieci i wnuk\u00f3w<\/p>\n<p><strong>sob 5. III<br \/>\n<\/strong> g. 7.00 wolna<\/p>\n<p><strong>ndz 6. III<br \/>\nIV niedziela Wielkiego Postu<\/strong><br \/>\ng. 9.00 \u00a0 + Heleny Wiktorowicz<br \/>\ng. 11.00 \u00a0+ Kazimiery Fr\u0105czak<\/p>\n","protected":false},"excerpt":{"rendered":"<p>1. B\u00f3g zap\u0142a\u0107 wszystkim, kt\u00f3rzy w zesz\u0142\u0105 niedziel\u0119 w\u0142\u0105czyli si\u0119 w zbi\u00f3rk\u0119 ofiar na misje. Zebrali\u015bmy 244 z\u0142ote. 2. We wtorek 1 marca Narodowy Dzie\u0144 Pami\u0119ci \u017bo\u0142nierzy Wykl\u0119tych. Pami\u0119tajmy o nich i o sprawie o kt\u00f3r\u0105 walczyli w naszych modlitwach. 3. Najbli\u017csza \u015broda 2 marca to I \u015broda miesi\u0105ca. Z [&hellip;]<\/p>\n","protected":false},"author":1,"featured_media":0,"comment_status":"closed","ping_status":"open","sticky":false,"template":"","format":"standard","meta":[],"categories":[2],"tags":[],"_links":{"self":[{"href":"http:\/\/www.parafiakuligow.pl\/index.php\/wp-json\/wp\/v2\/posts\/328"}],"collection":[{"href":"http:\/\/www.parafiakuligow.pl\/index.php\/wp-json\/wp\/v2\/posts"}],"about":[{"href":"http:\/\/www.parafiakuligow.pl\/index.php\/wp-json\/wp\/v2\/types\/post"}],"author":[{"embeddable":true,"href":"http:\/\/www.parafiakuligow.pl\/index.php\/wp-json\/wp\/v2\/users\/1"}],"replies":[{"embeddable":true,"href":"http:\/\/www.parafiakuligow.pl\/index.php\/wp-json\/wp\/v2\/comments?post=328"}],"version-history":[{"count":1,"href":"http:\/\/www.parafiakuligow.pl\/index.php\/wp-json\/wp\/v2\/posts\/328\/revisions"}],"predecessor-version":[{"id":329,"href":"http:\/\/www.parafiakuligow.pl\/index.php\/wp-json\/wp\/v2\/posts\/328\/revisions\/329"}],"wp:attachment":[{"href":"http:\/\/www.parafiakuligow.pl\/index.php\/wp-json\/wp\/v2\/media?parent=328"}],"wp:term":[{"taxonomy":"category","embeddable":true,"href":"http:\/\/www.parafiakuligow.pl\/index.php\/wp-json\/wp\/v2\/categories?post=328"},{"taxonomy":"post_tag","embeddable":true,"href":"http:\/\/www.parafiakuligow.pl\/index.php\/wp-json\/wp\/v2\/tags?post=328"}],"curies":[{"name":"wp","href":"https:\/\/api.w.org\/{rel}","templated":true}]}}