{"id":3273,"date":"2026-03-22T00:15:00","date_gmt":"2026-03-21T23:15:00","guid":{"rendered":"https:\/\/www.parafiakuligow.pl\/?p=3273"},"modified":"2026-03-21T23:21:05","modified_gmt":"2026-03-21T22:21:05","slug":"22-marca-2026","status":"publish","type":"post","link":"http:\/\/www.parafiakuligow.pl\/index.php\/2026\/03\/22\/22-marca-2026\/","title":{"rendered":"22 marca 2026"},"content":{"rendered":"\n<ol type=\"1\"><li>W dzisiejsz\u0105 niedziel\u0119 w naszej parafii prze\u017cywamy <strong>Rekolekcje Wielkopostne.<\/strong> Msze \u015bw. z naukami rekolekcyjnymi o godz. 9.00 i 11.00.<\/li><li>W poniedzia\u0142ek 23 marca z racji spowiedzi rekolekcyjnych Msza \u015bw. o godz. 7.00.<\/li><li>W tym tygodniu w \u015brod\u0119 25 marca \u2013 Uroczysto\u015b\u0107 Zwiastowania Pa\u0144skiego \u2013 Msza \u015bw. o godz. 18.00.<\/li><li>W przysz\u0142\u0105 niedziel\u0119 \u2013 Niedziela Palmowa \u2013 rozpoczynaj\u0105ca obchody Wielkiego Tygodnia, przed ko\u015bcio\u0142em b\u0119d\u0105 zbierane ofiary na kwiaty do grobu Pana Jezusa.<\/li><li>&nbsp;Zapraszamy na nabo\u017ce\u0144stwa pasyjne:<br>&#8211; Droga Krzy\u017cowa pi\u0105tek 17.30<br>&#8211; Gorzkie \u017bale niedziela po Mszy \u015bw. o godz. 11.00<\/li><li>Zach\u0119camy do nabywania i czytania tygodnika \u201eIdziemy\u201d.<\/li><li>Zapraszamy do modlitwy w naszej pi\u0119knej \u015bwi\u0105tyni \u017cycz\u0105c owocnego przygotowania do Paschy.<\/li><\/ol>\n\n\n\n<p><strong>Intencje Mszalne<\/strong><\/p>\n\n\n\n<figure class=\"wp-block-table\"><table><tbody><tr><td><strong>Data<\/strong><\/td><td><strong>dzie\u0144<\/strong><\/td><td><strong>Godzina<\/strong><\/td><td><strong>Intencja<\/strong><\/td><\/tr><tr><td><strong>22.03<\/strong><\/td><td><strong>Niedziela<\/strong><\/td><td>9.00<\/td><td>+ Mariann\u0119 Jaworsk\u0105<\/td><\/tr><tr><td><strong>&nbsp;<\/strong><\/td><td><strong>&nbsp;<\/strong><\/td><td>11.00<\/td><td>+ Wincenty i Helena Gawlik<\/td><\/tr><tr><td>23.03<\/td><td>Poniedzia\u0142ek<\/td><td>7.00<\/td><td>za parafian<\/td><\/tr><tr><td>24.03<\/td><td>Wtorek<\/td><td>7.00<\/td><td>+ Szczepan Tadeusz K\u0142osi\u0144ski<\/td><\/tr><tr><td>25.03<\/td><td>\u015aroda<\/td><td>18.00<\/td><td>+ Zofi\u0119 Suchenek 1 r. \u015bm.<\/td><\/tr><tr><td>26.03<\/td><td>Czwartek<\/td><td>7.00<\/td><td>+ Henryk Milewski<\/td><\/tr><tr><td>27.03<\/td><td>Pi\u0105tek<\/td><td>18.00<\/td><td>+ Marian Dybek<\/td><\/tr><tr><td>28.03<\/td><td>Sobota<\/td><td>18.00<\/td><td>+ Drza\u017cdzy\u0144ska Marianna 1 r. \u015bm.<\/td><\/tr><tr><td><strong>29.03<\/strong><\/td><td><strong>Niedziela<\/strong><\/td><td>9.00<\/td><td>+ Genowef\u0119 i J\u00f3zefa Jusi\u0144skich<\/td><\/tr><tr><td><strong>&nbsp;<\/strong><\/td><td><strong>&nbsp;<\/strong><\/td><td>11.00<\/td><td>zam\u00f3wione p. Sumi\u0142a<\/td><\/tr><\/tbody><\/table><\/figure>\n","protected":false},"excerpt":{"rendered":"<p>W dzisiejsz\u0105 niedziel\u0119 w naszej parafii prze\u017cywamy Rekolekcje Wielkopostne. Msze \u015bw. z naukami rekolekcyjnymi o godz. 9.00 i 11.00. W poniedzia\u0142ek 23 marca z racji spowiedzi rekolekcyjnych Msza \u015bw. o godz. 7.00. W tym tygodniu w \u015brod\u0119 25 marca \u2013 Uroczysto\u015b\u0107 Zwiastowania Pa\u0144skiego \u2013 Msza \u015bw. o godz. 18.00. W [&hellip;]<\/p>\n","protected":false},"author":2,"featured_media":0,"comment_status":"closed","ping_status":"closed","sticky":false,"template":"","format":"standard","meta":[],"categories":[2],"tags":[],"_links":{"self":[{"href":"http:\/\/www.parafiakuligow.pl\/index.php\/wp-json\/wp\/v2\/posts\/3273"}],"collection":[{"href":"http:\/\/www.parafiakuligow.pl\/index.php\/wp-json\/wp\/v2\/posts"}],"about":[{"href":"http:\/\/www.parafiakuligow.pl\/index.php\/wp-json\/wp\/v2\/types\/post"}],"author":[{"embeddable":true,"href":"http:\/\/www.parafiakuligow.pl\/index.php\/wp-json\/wp\/v2\/users\/2"}],"replies":[{"embeddable":true,"href":"http:\/\/www.parafiakuligow.pl\/index.php\/wp-json\/wp\/v2\/comments?post=3273"}],"version-history":[{"count":3,"href":"http:\/\/www.parafiakuligow.pl\/index.php\/wp-json\/wp\/v2\/posts\/3273\/revisions"}],"predecessor-version":[{"id":3278,"href":"http:\/\/www.parafiakuligow.pl\/index.php\/wp-json\/wp\/v2\/posts\/3273\/revisions\/3278"}],"wp:attachment":[{"href":"http:\/\/www.parafiakuligow.pl\/index.php\/wp-json\/wp\/v2\/media?parent=3273"}],"wp:term":[{"taxonomy":"category","embeddable":true,"href":"http:\/\/www.parafiakuligow.pl\/index.php\/wp-json\/wp\/v2\/categories?post=3273"},{"taxonomy":"post_tag","embeddable":true,"href":"http:\/\/www.parafiakuligow.pl\/index.php\/wp-json\/wp\/v2\/tags?post=3273"}],"curies":[{"name":"wp","href":"https:\/\/api.w.org\/{rel}","templated":true}]}}