{"id":3268,"date":"2026-03-15T00:45:00","date_gmt":"2026-03-14T23:45:00","guid":{"rendered":"https:\/\/www.parafiakuligow.pl\/?p=3268"},"modified":"2026-03-14T21:48:31","modified_gmt":"2026-03-14T20:48:31","slug":"15-marca-2026","status":"publish","type":"post","link":"http:\/\/www.parafiakuligow.pl\/index.php\/2026\/03\/15\/15-marca-2026\/","title":{"rendered":"15 marca 2026"},"content":{"rendered":"\n<ol type=\"1\"><li>W tym tygodniu w naszej Parafii Rekolekcje Wielkopostne w dniach 21 i 22 marca 2026:<br>&#8211; w sobot\u0119 21 marca spowied\u017a i Msze \u015bw. z naukami o godz. 10.00 i 18.00,<br>&#8211; w niedziel\u0119 22 marca Msze \u015bw. o godz. 9.00 i 11.00 z naukami rekolekcyjnymi. Zapraszamy!<\/li><li>Zapraszamy na nabo\u017ce\u0144stwa pasyjne:<br>&#8211; Droga Krzy\u017cowa pi\u0105tek 17.30<br>&#8211; Gorzkie \u017bale niedziela po Mszy \u015bw. o godz. 11.00<\/li><li>W dzisiejsz\u0105 niedziel\u0119 przed Ko\u015bcio\u0142em b\u0119d\u0105 zbierane ofiary na kwiaty do grobu Pana Jezusa.<\/li><li>Zach\u0119camy do nabywania i czytania tygodnika \u201eIdziemy\u201d.<\/li><li>Zapraszamy do modlitwy w naszej pi\u0119knej \u015bwi\u0105tyni \u017cycz\u0105c owocnego przygotowania do Paschy.<\/li><\/ol>\n\n\n\n<p><strong>Intencje Mszalne<\/strong><\/p>\n\n\n\n<figure class=\"wp-block-table\"><table><tbody><tr><td><strong>Data<\/strong><\/td><td><strong>dzie\u0144<\/strong><\/td><td><strong>Godzina<\/strong><\/td><td><strong>Intencja<\/strong><\/td><\/tr><tr><td><strong>15.03<\/strong><\/td><td><strong>Niedziela<\/strong><\/td><td>9.00<\/td><td>+ El\u017cbieta Powierza<\/td><\/tr><tr><td><strong>&nbsp;<\/strong><\/td><td><strong>&nbsp;<\/strong><\/td><td>11.00<\/td><td>+ Feliks Krzeszowski<\/td><\/tr><tr><td>16.03<\/td><td>Poniedzia\u0142ek<\/td><td>18.00<\/td><td>+ W\u0142adys\u0142aw Winek<\/td><\/tr><tr><td>17.03<\/td><td>Wtorek<\/td><td>7.00<\/td><td>za parafian<\/td><\/tr><tr><td>18.03<\/td><td>\u015aroda<\/td><td>18.00<\/td><td>34 r. \u015bm. + Krystyny Wr\u00f3blewskiej, zm. z rodz. Wr\u00f3blewskich<\/td><\/tr><tr><td>19.03<\/td><td>Czwartek<\/td><td>7.00<\/td><td>W 17 r. \u015bm. + Henryka Adamowicz i + Leokadi\u0119 Adamowicz<\/td><\/tr><tr><td>20.03<\/td><td>Pi\u0105tek<\/td><td>18.00<\/td><td>+ Janin\u0119 i Stanis\u0142awa Karasiewicz<\/td><\/tr><tr><td><\/td><td><\/td><td>&nbsp;<\/td><td><strong>Rekolekcje Parafialne<\/strong><\/td><\/tr><tr><td>21.03<\/td><td>\u00a0Sobota<\/td><td>10.00<\/td><td>+ Alicja Markowiak<\/td><\/tr><tr><td>&nbsp;<\/td><td>&nbsp;<\/td><td>18.00<\/td><td>+ Wanda Bielecka<\/td><\/tr><tr><td><strong>22.03<\/strong><\/td><td><strong>Niedziela<\/strong><\/td><td>9.00<\/td><td>+ Mariann\u0119 Jaworsk\u0105<\/td><\/tr><tr><td><strong>&nbsp;<\/strong><\/td><td><strong>&nbsp;<\/strong><\/td><td>11.00<\/td><td>+ Wincenty i Helena Gawlik<\/td><\/tr><\/tbody><\/table><\/figure>\n","protected":false},"excerpt":{"rendered":"<p>W tym tygodniu w naszej Parafii Rekolekcje Wielkopostne w dniach 21 i 22 marca 2026:&#8211; w sobot\u0119 21 marca spowied\u017a i Msze \u015bw. z naukami o godz. 10.00 i 18.00,&#8211; w niedziel\u0119 22 marca Msze \u015bw. o godz. 9.00 i 11.00 z naukami rekolekcyjnymi. Zapraszamy! Zapraszamy na nabo\u017ce\u0144stwa pasyjne:&#8211; Droga [&hellip;]<\/p>\n","protected":false},"author":2,"featured_media":0,"comment_status":"closed","ping_status":"closed","sticky":false,"template":"","format":"standard","meta":[],"categories":[2],"tags":[],"_links":{"self":[{"href":"http:\/\/www.parafiakuligow.pl\/index.php\/wp-json\/wp\/v2\/posts\/3268"}],"collection":[{"href":"http:\/\/www.parafiakuligow.pl\/index.php\/wp-json\/wp\/v2\/posts"}],"about":[{"href":"http:\/\/www.parafiakuligow.pl\/index.php\/wp-json\/wp\/v2\/types\/post"}],"author":[{"embeddable":true,"href":"http:\/\/www.parafiakuligow.pl\/index.php\/wp-json\/wp\/v2\/users\/2"}],"replies":[{"embeddable":true,"href":"http:\/\/www.parafiakuligow.pl\/index.php\/wp-json\/wp\/v2\/comments?post=3268"}],"version-history":[{"count":3,"href":"http:\/\/www.parafiakuligow.pl\/index.php\/wp-json\/wp\/v2\/posts\/3268\/revisions"}],"predecessor-version":[{"id":3271,"href":"http:\/\/www.parafiakuligow.pl\/index.php\/wp-json\/wp\/v2\/posts\/3268\/revisions\/3271"}],"wp:attachment":[{"href":"http:\/\/www.parafiakuligow.pl\/index.php\/wp-json\/wp\/v2\/media?parent=3268"}],"wp:term":[{"taxonomy":"category","embeddable":true,"href":"http:\/\/www.parafiakuligow.pl\/index.php\/wp-json\/wp\/v2\/categories?post=3268"},{"taxonomy":"post_tag","embeddable":true,"href":"http:\/\/www.parafiakuligow.pl\/index.php\/wp-json\/wp\/v2\/tags?post=3268"}],"curies":[{"name":"wp","href":"https:\/\/api.w.org\/{rel}","templated":true}]}}