{"id":3257,"date":"2026-03-01T00:42:00","date_gmt":"2026-02-28T23:42:00","guid":{"rendered":"https:\/\/www.parafiakuligow.pl\/?p=3257"},"modified":"2026-02-28T21:44:30","modified_gmt":"2026-02-28T20:44:30","slug":"1-marca-2026","status":"publish","type":"post","link":"http:\/\/www.parafiakuligow.pl\/index.php\/2026\/03\/01\/1-marca-2026\/","title":{"rendered":"1 marca 2026"},"content":{"rendered":"\n<ol type=\"1\"><li>W tym tygodniu:<br>&#8211; w dzisiejsz\u0105 niedziel\u0119 zbi\u00f3rka do puszek na dzie\u0142o misyjne \u201eAd gentes\u201d.<br>&#8211; w pi\u0105tek 6 marca pierwszy pi\u0105tek miesi\u0105ca spowied\u017a w godz. 17.00 \u2013 17.30, Msza. \u015bw. po Drodze Krzy\u017cowej.<br>&#8211; w sobot\u0119 7 marca pierwsza sobota miesi\u0105ca o godz. 17.30 r\u00f3\u017caniec, o godz. 18.00 Msza \u015bw. z pierwszej soboty miesi\u0105ca.<\/li><li>Gorzkie \u017bale w niedziele po Mszy \u015bw. o godz. 11.00.<\/li><li>Rekolekcje Wielkopostne w dniach 21 i 22 marca 2026, w sobot\u0119 21 marca spowied\u017a i Msze \u015bw. z naukami o godz. 10.00 i 18.00, 22 marca \u2013 niedziela Msze \u015bw. o godz. 9.00 i 11.00 z naukami rekolekcyjnymi.<\/li><li>Z powodu spowiedzi rekolekcyjnej w poniedzia\u0142ek 2 marca Msza \u015bw. b\u0119dzie odprawiona o godz. 7.00.<\/li><li>Zach\u0119camy do nabywania i czytania tygodnika \u201eIdziemy\u201d.<\/li><li>Zapraszamy do modlitwy w naszej pi\u0119knej \u015bwi\u0105tyni \u017cycz\u0105c owocnego przygotowania do Paschy.<\/li><\/ol>\n\n\n\n<p><strong>Intencje Mszalne<\/strong><\/p>\n\n\n\n<figure class=\"wp-block-table\"><table><tbody><tr><td><strong>Data<\/strong><\/td><td><strong>dzie\u0144<\/strong><\/td><td><strong>Godzina<\/strong><\/td><td><strong>Intencja<\/strong><\/td><\/tr><tr><td><strong>01.03<\/strong><\/td><td><strong>Niedziela<\/strong><\/td><td>7.00<\/td><td>greg (21)<\/td><\/tr><tr><td><strong>&nbsp;<\/strong><\/td><td><strong>&nbsp;<\/strong><\/td><td>9.00<\/td><td>+ Tadeusz i Pawe\u0142 Kryszkiewicz<\/td><\/tr><tr><td><strong>&nbsp;<\/strong><\/td><td><strong>&nbsp;<\/strong><\/td><td>11.00<\/td><td>Zaj\u0119te p. M\u0142oduchowska<\/td><\/tr><tr><td>02.03<\/td><td>Poniedzia\u0142ek<\/td><td>7.00<\/td><td>greg (22)<\/td><\/tr><tr><td>03.03<\/td><td>Wtorek<\/td><td>7.00<\/td><td>greg (23)<\/td><\/tr><tr><td>04.03<\/td><td>\u015aroda<\/td><td>18.00<\/td><td>greg (24)<\/td><\/tr><tr><td>05.03<\/td><td>Czwartek<\/td><td>7.00<\/td><td>greg (25)<\/td><\/tr><tr><td>06.03<\/td><td>Pi\u0105tek<\/td><td>18.00<\/td><td>greg (26)<\/td><\/tr><tr><td>07.03<\/td><td>Sobota<\/td><td>&nbsp;<\/td><td>DPS &#8211; greg (27)<\/td><\/tr><tr><td>&nbsp;<\/td><td>&nbsp;<\/td><td>18.00<\/td><td>Int. od \u017cywego R\u00f3\u017ca\u0144ca<\/td><\/tr><tr><td><strong>08.03<\/strong><\/td><td><strong>Niedziela<\/strong><\/td><td>7.00<\/td><td>greg (28)<\/td><\/tr><tr><td><strong>&nbsp;<\/strong><\/td><td><strong>&nbsp;<\/strong><\/td><td>9.00<\/td><td>+ Jadwig\u0119 Jerzego Mianowskich, dziadk\u00f3w Mianowskich<\/td><\/tr><tr><td><strong>&nbsp;<\/strong><\/td><td><strong>&nbsp;<\/strong><\/td><td>11.00<\/td><td>+ King\u0119 i Tadeusza Wi\u0119ch<\/td><\/tr><\/tbody><\/table><\/figure>\n","protected":false},"excerpt":{"rendered":"<p>W tym tygodniu:&#8211; w dzisiejsz\u0105 niedziel\u0119 zbi\u00f3rka do puszek na dzie\u0142o misyjne \u201eAd gentes\u201d.&#8211; w pi\u0105tek 6 marca pierwszy pi\u0105tek miesi\u0105ca spowied\u017a w godz. 17.00 \u2013 17.30, Msza. \u015bw. po Drodze Krzy\u017cowej.&#8211; w sobot\u0119 7 marca pierwsza sobota miesi\u0105ca o godz. 17.30 r\u00f3\u017caniec, o godz. 18.00 Msza \u015bw. z pierwszej [&hellip;]<\/p>\n","protected":false},"author":2,"featured_media":0,"comment_status":"closed","ping_status":"closed","sticky":false,"template":"","format":"standard","meta":[],"categories":[2],"tags":[],"_links":{"self":[{"href":"http:\/\/www.parafiakuligow.pl\/index.php\/wp-json\/wp\/v2\/posts\/3257"}],"collection":[{"href":"http:\/\/www.parafiakuligow.pl\/index.php\/wp-json\/wp\/v2\/posts"}],"about":[{"href":"http:\/\/www.parafiakuligow.pl\/index.php\/wp-json\/wp\/v2\/types\/post"}],"author":[{"embeddable":true,"href":"http:\/\/www.parafiakuligow.pl\/index.php\/wp-json\/wp\/v2\/users\/2"}],"replies":[{"embeddable":true,"href":"http:\/\/www.parafiakuligow.pl\/index.php\/wp-json\/wp\/v2\/comments?post=3257"}],"version-history":[{"count":2,"href":"http:\/\/www.parafiakuligow.pl\/index.php\/wp-json\/wp\/v2\/posts\/3257\/revisions"}],"predecessor-version":[{"id":3260,"href":"http:\/\/www.parafiakuligow.pl\/index.php\/wp-json\/wp\/v2\/posts\/3257\/revisions\/3260"}],"wp:attachment":[{"href":"http:\/\/www.parafiakuligow.pl\/index.php\/wp-json\/wp\/v2\/media?parent=3257"}],"wp:term":[{"taxonomy":"category","embeddable":true,"href":"http:\/\/www.parafiakuligow.pl\/index.php\/wp-json\/wp\/v2\/categories?post=3257"},{"taxonomy":"post_tag","embeddable":true,"href":"http:\/\/www.parafiakuligow.pl\/index.php\/wp-json\/wp\/v2\/tags?post=3257"}],"curies":[{"name":"wp","href":"https:\/\/api.w.org\/{rel}","templated":true}]}}