{"id":3243,"date":"2026-02-21T22:06:23","date_gmt":"2026-02-21T21:06:23","guid":{"rendered":"https:\/\/www.parafiakuligow.pl\/?p=3243"},"modified":"2026-02-21T22:18:12","modified_gmt":"2026-02-21T21:18:12","slug":"22-luty-2026","status":"publish","type":"post","link":"http:\/\/www.parafiakuligow.pl\/index.php\/2026\/02\/21\/22-luty-2026\/","title":{"rendered":"22 luty 2026"},"content":{"rendered":"\n<ol type=\"1\"><li>Rozpoczynamy okres Wielkiego Postu, kt\u00f3ry s\u0142u\u017cy nam w przygotowaniu si\u0119 do obchodu Paschy. Zach\u0119camy do udzia\u0142u w nabo\u017ce\u0144stwach pasyjnych: Gorzkich \u017balach w ka\u017cd\u0105 niedziel\u0119 po Mszy \u015bw. o godz. 11.00 &nbsp;i Drodze Krzy\u017cowej w ka\u017cdy pi\u0105tek o godz. 17.30.<\/li><li>W dzisiejsz\u0105 niedziel\u0119 na Mszy \u015bw. o godz. 11.00 katecheza dla dzieci i rodzic\u00f3w przygotowuj\u0105cych si\u0119 do pierwszej komunii \u015bw.<\/li><li>W przysz\u0142\u0105 niedziel\u0119 zbi\u00f3rka do puszek na dzie\u0142o misyjne \u201eAd gentes\u201d.<\/li><li>Zach\u0119camy do nabywania i czytania tygodnika \u201eIdziemy\u201d.<\/li><li>Zapraszamy do modlitwy w naszej pi\u0119knej \u015bwi\u0105tyni \u017cycz\u0105c owocnego przygotowania do Paschy.<\/li><\/ol>\n\n\n\n<h4><strong>Intencje Mszalne<\/strong><\/h4>\n\n\n\n<figure class=\"wp-block-table\"><table><tbody><tr><td><strong>Data<\/strong><\/td><td><strong>dzie\u0144<\/strong><\/td><td><strong>Godzina<\/strong><\/td><td><strong>Intencja<\/strong><\/td><\/tr><tr><td><strong>22.02<\/strong><\/td><td><strong>Niedziela<\/strong><\/td><td>9.00<\/td><td>greg (14)<\/td><\/tr><tr><td><strong>&nbsp;<\/strong><\/td><td><strong>&nbsp;<\/strong><\/td><td>9.00<\/td><td>+ Id\u0119 Ga\u0142eck\u0105, Hieronima Ga\u0142eckiego, Helen\u0119 i W\u0142adys\u0142awa Klimkiewicz\u00f3w<\/td><\/tr><tr><td><strong>&nbsp;<\/strong><\/td><td><strong>&nbsp;<\/strong><\/td><td>11.00<\/td><td>+ Kazimierza \u017bochowskiego<\/td><\/tr><tr><td>23.02<\/td><td>Poniedzia\u0142ek<\/td><td>18.00<\/td><td>+ Zofi\u0119 Suchenek<\/td><\/tr><tr><td>&nbsp;<\/td><td>&nbsp;<\/td><td>18.30<\/td><td>greg (15)<\/td><\/tr><tr><td>24.02<\/td><td>Wtorek<\/td><td>7.00<\/td><td>+ Szczepana, Tadeusza K\u0142osi\u0144skiego<\/td><\/tr><tr><td>&nbsp;<\/td><td>&nbsp;<\/td><td>7.30<\/td><td>greg (16)<\/td><\/tr><tr><td>25.02<\/td><td>\u015aroda<\/td><td>18.00<\/td><td>greg (17)<\/td><\/tr><tr><td>26.02<\/td><td>Czwartek<\/td><td>7.00<\/td><td>greg (18)<\/td><\/tr><tr><td>27.02<\/td><td>Pi\u0105tek<\/td><td>18.00<\/td><td>+ Marian Dybek<\/td><\/tr><tr><td>&nbsp;<\/td><td>&nbsp;<\/td><td>18.30<\/td><td>greg (19)<\/td><\/tr><tr><td>28.02<\/td><td>Sobota<\/td><td>14.30<\/td><td>DPS &#8211; greg (20)<\/td><\/tr><tr><td>&nbsp;<\/td><td>&nbsp;<\/td><td>18.00<\/td><td>W int. 2 rocznicy urodzin Kordiana Kuszkowskiego o zdrowie i B\u0142ogos\u0142awie\u0144stwo Bo\u017ce dla niego i rodzic\u00f3w<\/td><\/tr><tr><td><strong>01.03<\/strong><\/td><td><strong>Niedziela<\/strong><\/td><td>7.00<\/td><td>greg (21)<\/td><\/tr><tr><td><strong>&nbsp;<\/strong><\/td><td><strong>&nbsp;<\/strong><\/td><td>9.00<\/td><td>+ Tadeusz i Pawe\u0142 Kryszkiewicz<\/td><\/tr><tr><td><strong>&nbsp;<\/strong><\/td><td><strong>&nbsp;<\/strong><\/td><td>11.00<\/td><td>Zaj\u0119te p. M\u0142oduchowska<\/td><\/tr><\/tbody><\/table><\/figure>\n","protected":false},"excerpt":{"rendered":"<p>Rozpoczynamy okres Wielkiego Postu, kt\u00f3ry s\u0142u\u017cy nam w przygotowaniu si\u0119 do obchodu Paschy. Zach\u0119camy do udzia\u0142u w nabo\u017ce\u0144stwach pasyjnych: Gorzkich \u017balach w ka\u017cd\u0105 niedziel\u0119 po Mszy \u015bw. o godz. 11.00 &nbsp;i Drodze Krzy\u017cowej w ka\u017cdy pi\u0105tek o godz. 17.30. W dzisiejsz\u0105 niedziel\u0119 na Mszy \u015bw. o godz. 11.00 katecheza dla [&hellip;]<\/p>\n","protected":false},"author":2,"featured_media":0,"comment_status":"closed","ping_status":"closed","sticky":false,"template":"","format":"standard","meta":[],"categories":[2],"tags":[],"_links":{"self":[{"href":"http:\/\/www.parafiakuligow.pl\/index.php\/wp-json\/wp\/v2\/posts\/3243"}],"collection":[{"href":"http:\/\/www.parafiakuligow.pl\/index.php\/wp-json\/wp\/v2\/posts"}],"about":[{"href":"http:\/\/www.parafiakuligow.pl\/index.php\/wp-json\/wp\/v2\/types\/post"}],"author":[{"embeddable":true,"href":"http:\/\/www.parafiakuligow.pl\/index.php\/wp-json\/wp\/v2\/users\/2"}],"replies":[{"embeddable":true,"href":"http:\/\/www.parafiakuligow.pl\/index.php\/wp-json\/wp\/v2\/comments?post=3243"}],"version-history":[{"count":4,"href":"http:\/\/www.parafiakuligow.pl\/index.php\/wp-json\/wp\/v2\/posts\/3243\/revisions"}],"predecessor-version":[{"id":3256,"href":"http:\/\/www.parafiakuligow.pl\/index.php\/wp-json\/wp\/v2\/posts\/3243\/revisions\/3256"}],"wp:attachment":[{"href":"http:\/\/www.parafiakuligow.pl\/index.php\/wp-json\/wp\/v2\/media?parent=3243"}],"wp:term":[{"taxonomy":"category","embeddable":true,"href":"http:\/\/www.parafiakuligow.pl\/index.php\/wp-json\/wp\/v2\/categories?post=3243"},{"taxonomy":"post_tag","embeddable":true,"href":"http:\/\/www.parafiakuligow.pl\/index.php\/wp-json\/wp\/v2\/tags?post=3243"}],"curies":[{"name":"wp","href":"https:\/\/api.w.org\/{rel}","templated":true}]}}