{"id":3241,"date":"2026-02-19T22:04:00","date_gmt":"2026-02-19T21:04:00","guid":{"rendered":"https:\/\/www.parafiakuligow.pl\/?p=3241"},"modified":"2026-02-21T22:15:25","modified_gmt":"2026-02-21T21:15:25","slug":"15-luty-2026","status":"publish","type":"post","link":"http:\/\/www.parafiakuligow.pl\/index.php\/2026\/02\/19\/15-luty-2026\/","title":{"rendered":"15 luty 2026"},"content":{"rendered":"\n<ol type=\"1\"><li>W tym tygodniu:<br>&#8211; \u015aroda Popielcowa 18.02.2026. Msza \u015bw. o godz. 18.00 z posypaniem g\u0142\u00f3w popio\u0142em. W tym dniu obowi\u0105zuje post \u015bcis\u0142y. Zach\u0119camy do udzia\u0142u w nabo\u017ce\u0144stwach wielkopostnych ku czci m\u0119ki Pa\u0144skiej. W ka\u017cdy pi\u0105tek Droga Krzy\u017cowa o godz. 17.30, Gorzkie \u017bale w niedziel\u0119 po Mszy \u015bw. o godz. 11.00. W \u015arod\u0119 Popielcow\u0105 rozpoczyna si\u0119 Tydzie\u0144 modlitw o trze\u017awo\u015b\u0107 narodu.<\/li><li>W przysz\u0142\u0105 niedziel\u0119 22 lutego na Mszy \u015bw. o godz. 11.00 spotkanie dla rodzic\u00f3w i dzieci przygotowuj\u0105cych si\u0119 do pierwszej komunii \u015bw.<\/li><li>Zach\u0119camy do nabywania i czytania tygodnika \u201eIdziemy\u201d.<\/li><li>Zapraszamy do modlitwy w naszej pi\u0119knej \u015bwi\u0105tyni.<\/li><\/ol>\n","protected":false},"excerpt":{"rendered":"<p>W tym tygodniu:&#8211; \u015aroda Popielcowa 18.02.2026. Msza \u015bw. o godz. 18.00 z posypaniem g\u0142\u00f3w popio\u0142em. W tym dniu obowi\u0105zuje post \u015bcis\u0142y. Zach\u0119camy do udzia\u0142u w nabo\u017ce\u0144stwach wielkopostnych ku czci m\u0119ki Pa\u0144skiej. W ka\u017cdy pi\u0105tek Droga Krzy\u017cowa o godz. 17.30, Gorzkie \u017bale w niedziel\u0119 po Mszy \u015bw. o godz. 11.00. W [&hellip;]<\/p>\n","protected":false},"author":2,"featured_media":0,"comment_status":"closed","ping_status":"closed","sticky":false,"template":"","format":"standard","meta":[],"categories":[2],"tags":[],"_links":{"self":[{"href":"http:\/\/www.parafiakuligow.pl\/index.php\/wp-json\/wp\/v2\/posts\/3241"}],"collection":[{"href":"http:\/\/www.parafiakuligow.pl\/index.php\/wp-json\/wp\/v2\/posts"}],"about":[{"href":"http:\/\/www.parafiakuligow.pl\/index.php\/wp-json\/wp\/v2\/types\/post"}],"author":[{"embeddable":true,"href":"http:\/\/www.parafiakuligow.pl\/index.php\/wp-json\/wp\/v2\/users\/2"}],"replies":[{"embeddable":true,"href":"http:\/\/www.parafiakuligow.pl\/index.php\/wp-json\/wp\/v2\/comments?post=3241"}],"version-history":[{"count":5,"href":"http:\/\/www.parafiakuligow.pl\/index.php\/wp-json\/wp\/v2\/posts\/3241\/revisions"}],"predecessor-version":[{"id":3255,"href":"http:\/\/www.parafiakuligow.pl\/index.php\/wp-json\/wp\/v2\/posts\/3241\/revisions\/3255"}],"wp:attachment":[{"href":"http:\/\/www.parafiakuligow.pl\/index.php\/wp-json\/wp\/v2\/media?parent=3241"}],"wp:term":[{"taxonomy":"category","embeddable":true,"href":"http:\/\/www.parafiakuligow.pl\/index.php\/wp-json\/wp\/v2\/categories?post=3241"},{"taxonomy":"post_tag","embeddable":true,"href":"http:\/\/www.parafiakuligow.pl\/index.php\/wp-json\/wp\/v2\/tags?post=3241"}],"curies":[{"name":"wp","href":"https:\/\/api.w.org\/{rel}","templated":true}]}}