{"id":3226,"date":"2026-01-18T00:27:00","date_gmt":"2026-01-17T23:27:00","guid":{"rendered":"https:\/\/www.parafiakuligow.pl\/?p=3226"},"modified":"2026-01-17T20:29:34","modified_gmt":"2026-01-17T19:29:34","slug":"18-stycznia-2026","status":"publish","type":"post","link":"http:\/\/www.parafiakuligow.pl\/index.php\/2026\/01\/18\/18-stycznia-2026\/","title":{"rendered":"18 stycznia 2026"},"content":{"rendered":"\n<ol type=\"1\"><li>W dzisiejsz\u0105 niedziel\u0119 rozpoczynamy tydzie\u0144 modlitw o jedno\u015b\u0107 chrze\u015bcijan.<strong><\/strong><\/li><li>We wtorek 20 stycznia 8 rocznica ingresu Pasterza Diecezji.<strong><\/strong><\/li><li>W sobot\u0119 24 stycznia w godz. od 9.00 do 13.00 uzupe\u0142nienie kol\u0119dy. Domy w kt\u00f3rych nie odby\u0142a si\u0119 kol\u0119da mo\u017cna zg\u0142asza\u0107 telefonicznie b\u0105d\u017a w zakrystii do odwiedzin w tym terminie.<\/li><li>Z powodu kol\u0119dy w poniedzia\u0142ek 19 stycznia Msza \u015bw. o godz. 7.00.<\/li><li>Odpoczywaj\u0105cym w ferie \u017cyczymy dobrego odpoczynku i B\u0142ogos\u0142awionego czasu zapraszaj\u0105c do naszej pi\u0119knej \u015bwi\u0105tyni.<\/li><\/ol>\n\n\n\n<h4><strong>Intencje Mszalne<\/strong><\/h4>\n\n\n\n<figure class=\"wp-block-table\"><table><tbody><tr><td><strong>Data<\/strong><\/td><td><strong>dzie\u0144<\/strong><\/td><td><strong>Godzina<\/strong><\/td><td><strong>Intencja<\/strong><\/td><\/tr><tr><td><strong>18.01<\/strong><\/td><td><strong>Niedziela<\/strong><\/td><td>9.00<\/td><td>+ Salomee Mianowsk\u0105, Boles\u0142awa<\/td><\/tr><tr><td><strong>&nbsp;<\/strong><\/td><td><strong>&nbsp;<\/strong><\/td><td>11.00<\/td><td>+ Henryka, Stanis\u0142aw Kacprzak<br>+ Aneta Gawron<\/td><\/tr><tr><td>19.01<\/td><td>Poniedzia\u0142ek<\/td><td>7.00<\/td><td>&nbsp;<\/td><\/tr><tr><td>20.01<\/td><td>Wtorek<\/td><td>7.00<\/td><td>+ Zofi\u0119 Suchenek<\/td><\/tr><tr><td>21.01<\/td><td>\u015aroda<\/td><td>18.00<\/td><td>+ Marian Dybek<\/td><\/tr><tr><td>22.01<\/td><td>Czwartek<\/td><td>7.00<\/td><td>za parafian<\/td><\/tr><tr><td>23.01<\/td><td>Pi\u0105tek<\/td><td>18.00<\/td><td>+ Szczepana Tadeusza K\u0142osi\u0144skiego<\/td><\/tr><tr><td>24.01<\/td><td>Sobota<\/td><td>18.00<\/td><td>+ Rafa\u0142 Ga\u0142ecki 3 r. \u015bm.<\/td><\/tr><tr><td><strong>25.01<\/strong><\/td><td><strong>Niedziela<\/strong><\/td><td>9.00<\/td><td>+ Stanis\u0142aw Jusi\u0144ski<\/td><\/tr><tr><td><strong>&nbsp;<\/strong><\/td><td><strong>&nbsp;<\/strong><\/td><td>11.00<\/td><td>+ Barbar\u0119 i Henryka D\u0105browskich<br>+ W\u0142odzimierza i Dariusza Pielak<\/td><\/tr><\/tbody><\/table><\/figure>\n","protected":false},"excerpt":{"rendered":"<p>W dzisiejsz\u0105 niedziel\u0119 rozpoczynamy tydzie\u0144 modlitw o jedno\u015b\u0107 chrze\u015bcijan. We wtorek 20 stycznia 8 rocznica ingresu Pasterza Diecezji. W sobot\u0119 24 stycznia w godz. od 9.00 do 13.00 uzupe\u0142nienie kol\u0119dy. Domy w kt\u00f3rych nie odby\u0142a si\u0119 kol\u0119da mo\u017cna zg\u0142asza\u0107 telefonicznie b\u0105d\u017a w zakrystii do odwiedzin w tym terminie. Z powodu [&hellip;]<\/p>\n","protected":false},"author":2,"featured_media":0,"comment_status":"closed","ping_status":"closed","sticky":false,"template":"","format":"standard","meta":[],"categories":[2],"tags":[],"_links":{"self":[{"href":"http:\/\/www.parafiakuligow.pl\/index.php\/wp-json\/wp\/v2\/posts\/3226"}],"collection":[{"href":"http:\/\/www.parafiakuligow.pl\/index.php\/wp-json\/wp\/v2\/posts"}],"about":[{"href":"http:\/\/www.parafiakuligow.pl\/index.php\/wp-json\/wp\/v2\/types\/post"}],"author":[{"embeddable":true,"href":"http:\/\/www.parafiakuligow.pl\/index.php\/wp-json\/wp\/v2\/users\/2"}],"replies":[{"embeddable":true,"href":"http:\/\/www.parafiakuligow.pl\/index.php\/wp-json\/wp\/v2\/comments?post=3226"}],"version-history":[{"count":4,"href":"http:\/\/www.parafiakuligow.pl\/index.php\/wp-json\/wp\/v2\/posts\/3226\/revisions"}],"predecessor-version":[{"id":3231,"href":"http:\/\/www.parafiakuligow.pl\/index.php\/wp-json\/wp\/v2\/posts\/3226\/revisions\/3231"}],"wp:attachment":[{"href":"http:\/\/www.parafiakuligow.pl\/index.php\/wp-json\/wp\/v2\/media?parent=3226"}],"wp:term":[{"taxonomy":"category","embeddable":true,"href":"http:\/\/www.parafiakuligow.pl\/index.php\/wp-json\/wp\/v2\/categories?post=3226"},{"taxonomy":"post_tag","embeddable":true,"href":"http:\/\/www.parafiakuligow.pl\/index.php\/wp-json\/wp\/v2\/tags?post=3226"}],"curies":[{"name":"wp","href":"https:\/\/api.w.org\/{rel}","templated":true}]}}