{"id":320,"date":"2016-02-20T22:00:30","date_gmt":"2016-02-20T21:00:30","guid":{"rendered":"http:\/\/www.parafiakuligow.pl\/?p=320"},"modified":"2016-02-20T22:00:30","modified_gmt":"2016-02-20T21:00:30","slug":"21-lutego-2016-r-ii-niedziela-wielkiego-postu","status":"publish","type":"post","link":"http:\/\/www.parafiakuligow.pl\/index.php\/2016\/02\/20\/21-lutego-2016-r-ii-niedziela-wielkiego-postu\/","title":{"rendered":"21 lutego 2016 r. II Niedziela Wielkiego Postu"},"content":{"rendered":"<p>1. B\u00f3g zap\u0142a\u0107 wszystkim, kt\u00f3rzy w zesz\u0142\u0105 niedziel\u0119 w\u0142\u0105czyli si\u0119 w zbi\u00f3rk\u0119 na leczenie i rehabilitacj\u0119 chorych dzieci. Zebrali\u015bmy 224 z\u0142ote. Dzisiaj zbi\u00f3rka do puszek na dzie\u0142o misyjne \u201e Ad gentes\u201d \/tzn. do narod\u00f3w\/.<\/p>\n<p>2. W poniedzia\u0142ek 22 lutego liturgiczne \u015awi\u0119to Katedry \u015bw. Piotra Aposto\u0142a. Msza \u015bw. o godz. 18.00.<\/p>\n<p>3. Zapraszamy do udzia\u0142u w wielkopostnych nabo\u017ce\u0144stwach ku czci M\u0119ki Pa\u0144skiej. Droga krzy\u017cowa w pi\u0105tki o godz. 17.30. Gorzkie \u017cale w niedziele po Mszy \u015bw. o godz. 11.00.<\/p>\n<p>4. Rekolekcje wielkopostne w naszej parafii odb\u0119d\u0105 si\u0119 10, 11 i 12 marca; w czwartek, pi\u0105tek i sobot\u0119 przed V niedziel\u0105 Wielkiego Postu. Ka\u017cdego dnia b\u0119d\u0105 dwie Msze \u015bw. z nauk\u0105 rekolekcyjn\u0105 o godz. 11.00 i 18.00 oraz mo\u017cliwo\u015b\u0107 spowiedzi. Rekolekcje poprowadzi ks. Wojciech Krai\u0144ski proboszcz z Choszcz\u00f3wki Stojeckiej. W\u0142\u0105czmy to wydarzenie do naszych plan\u00f3w i do naszej modlitwy.<\/p>\n<p>5. Jutro w poniedzia\u0142ek 22 lutego o godz. 11.00 przez samoch\u00f3d Stowarzyszenia Pomoc Ko\u015bcio\u0142owi w Potrzebie zostan\u0105 zabrane elektro\u015bmieci. Mo\u017cemy pozby\u0107 si\u0119 k\u0142opotu, a zarazem do\u0142o\u017cy\u0107 swoj\u0105 cegie\u0142k\u0119 do akcji niesienia pomocy ludziom b\u0119d\u0105cym w potrzebie. Prosz\u0119 zainteresowanych o dostarczenie ich na plac obok ko\u015bcio\u0142a przed hu\u015btawkami, ale nie p\u00f3\u017aniej ni\u017c do jutra do godz. 11.00.<\/p>\n<p><strong><br \/>\nIntencje mszalne:<\/strong><\/p>\n<p><strong>ndz 21. II, \u00a0II Niedziela Wielkiego Postu<\/strong><br \/>\ng. 9.00 + Janiny Wi\u015bniewskiej \u2013 gregoria\u0144ska 21<br \/>\ng. 11.00 \u00a0 rez. p. Sta\u0144czak<\/p>\n<p><strong>pn 22. II<br \/>\n<\/strong>g. 18.00 + Janiny Wi\u015bniewskiej \u2013 gregoria\u0144ska 22<\/p>\n<p><strong>wt 23. II<br \/>\n<\/strong> g. 7.00 + Janiny Wi\u015bniewskiej \u2013 gregoria\u0144ska 23<\/p>\n<p><strong>\u015br 24. II<br \/>\n<\/strong>g. 18.00 + Janiny Wi\u015bniewskiej \u2013 gregoria\u0144ska 24<\/p>\n<p><strong>czw 25. II<br \/>\n<\/strong> g. 7.00 + Janiny Wi\u015bniewskiej \u2013 gregoria\u0144ska 25<\/p>\n<p><strong>pt 26. II<br \/>\n<\/strong> g. 18.00 + Janiny Wi\u015bniewskiej \u2013 gregoria\u0144ska 26<\/p>\n<p><strong>sob 27. II<br \/>\n<\/strong> g. 18.00 + Janiny Wi\u015bniewskiej \u2013 gregoria\u0144ska 27<\/p>\n<p><strong>ndz 28. II, \u00a0 III niedziela Wielkiego Postu<\/strong><br \/>\ng. 9.00 \u00a0 + Romana w dniu imienin i Jadwigi Kostrzew\u00f3w<br \/>\ng. 11.00 \u00a0+ Janiny Wi\u015bniewskiej \u2013 gregoria\u0144ska 28<\/p>\n","protected":false},"excerpt":{"rendered":"<p>1. B\u00f3g zap\u0142a\u0107 wszystkim, kt\u00f3rzy w zesz\u0142\u0105 niedziel\u0119 w\u0142\u0105czyli si\u0119 w zbi\u00f3rk\u0119 na leczenie i rehabilitacj\u0119 chorych dzieci. Zebrali\u015bmy 224 z\u0142ote. Dzisiaj zbi\u00f3rka do puszek na dzie\u0142o misyjne \u201e Ad gentes\u201d \/tzn. do narod\u00f3w\/. 2. W poniedzia\u0142ek 22 lutego liturgiczne \u015awi\u0119to Katedry \u015bw. Piotra Aposto\u0142a. Msza \u015bw. o godz. 18.00. [&hellip;]<\/p>\n","protected":false},"author":1,"featured_media":0,"comment_status":"closed","ping_status":"open","sticky":false,"template":"","format":"standard","meta":[],"categories":[2],"tags":[],"_links":{"self":[{"href":"http:\/\/www.parafiakuligow.pl\/index.php\/wp-json\/wp\/v2\/posts\/320"}],"collection":[{"href":"http:\/\/www.parafiakuligow.pl\/index.php\/wp-json\/wp\/v2\/posts"}],"about":[{"href":"http:\/\/www.parafiakuligow.pl\/index.php\/wp-json\/wp\/v2\/types\/post"}],"author":[{"embeddable":true,"href":"http:\/\/www.parafiakuligow.pl\/index.php\/wp-json\/wp\/v2\/users\/1"}],"replies":[{"embeddable":true,"href":"http:\/\/www.parafiakuligow.pl\/index.php\/wp-json\/wp\/v2\/comments?post=320"}],"version-history":[{"count":1,"href":"http:\/\/www.parafiakuligow.pl\/index.php\/wp-json\/wp\/v2\/posts\/320\/revisions"}],"predecessor-version":[{"id":321,"href":"http:\/\/www.parafiakuligow.pl\/index.php\/wp-json\/wp\/v2\/posts\/320\/revisions\/321"}],"wp:attachment":[{"href":"http:\/\/www.parafiakuligow.pl\/index.php\/wp-json\/wp\/v2\/media?parent=320"}],"wp:term":[{"taxonomy":"category","embeddable":true,"href":"http:\/\/www.parafiakuligow.pl\/index.php\/wp-json\/wp\/v2\/categories?post=320"},{"taxonomy":"post_tag","embeddable":true,"href":"http:\/\/www.parafiakuligow.pl\/index.php\/wp-json\/wp\/v2\/tags?post=320"}],"curies":[{"name":"wp","href":"https:\/\/api.w.org\/{rel}","templated":true}]}}