{"id":3143,"date":"2025-11-16T00:50:00","date_gmt":"2025-11-15T23:50:00","guid":{"rendered":"https:\/\/www.parafiakuligow.pl\/?p=3143"},"modified":"2025-11-15T18:51:31","modified_gmt":"2025-11-15T17:51:31","slug":"16-listopada-2025","status":"publish","type":"post","link":"http:\/\/www.parafiakuligow.pl\/index.php\/2025\/11\/16\/16-listopada-2025\/","title":{"rendered":"16 listopada 2025"},"content":{"rendered":"\n<ol type=\"1\"><li>W dzisiejsz\u0105 niedziel\u0119 taca przeznaczona jest na Seminarium Duchowne.<\/li><li>Na Mszy \u015bw. o godz. 11.00 katecheza dla dzieci i rodzic\u00f3w przygotowuj\u0105cych si\u0119 do Mszy \u015bw.<\/li><li>W przysz\u0142\u0105 niedziel\u0119 uroczysto\u015b\u0107 Jezusa Chrystusa Kr\u00f3la Wszech\u015bwiata.<\/li><li>Zapraszamy ca\u0142\u0105 wsp\u00f3lnot\u0119 parafialn\u0105 oraz ch\u0119tne osoby do udzia\u0142u w zbi\u00f3rce zu\u017cytego sprz\u0119tu elektrycznego i elektronicznego (sprz\u0119t RTV i AGD np.: pralki, telewizory, komputery, telefony kom\u00f3rkowe) Godzina odbioru 3 grudnia 2025 g. 15.00.<br>W gablocie umieszczony jest wykaz sprz\u0119tu elektrycznego i elektronicznego podlegaj\u0105cego zbi\u00f3rce.<\/li><li>Zapraszamy do nabywania i czytania tygodnika \u201eIdziemy\u201d.<\/li><li>\u017bycz\u0105c wszystkim radosnego odpoczynku zapraszamy do modlitwy w naszej Pi\u0119knej \u015awi\u0105tyni.<\/li><\/ol>\n\n\n\n<h2><strong>Intencje Mszalne<\/strong><\/h2>\n\n\n\n<figure class=\"wp-block-table\"><table><tbody><tr><td><strong>Data<\/strong><\/td><td><strong>dzie\u0144<\/strong><\/td><td><strong>Godzina<\/strong><\/td><td><strong>Intencja<\/strong><\/td><\/tr><tr><td><strong>16.11<\/strong><\/td><td><strong>Niedziela<\/strong><\/td><td>7.00<\/td><td>greg (16)<\/td><\/tr><tr><td><strong>&nbsp;<\/strong><\/td><td><strong>&nbsp;<\/strong><\/td><td>9.00<\/td><td>+ Daniel, Stefania, Franciszek, Tadeusz Pe\u0107<\/td><\/tr><tr><td>&nbsp;<\/td><td>&nbsp;<\/td><td>11.00<\/td><td>+ zam. p. Sta\u0144czak<\/td><\/tr><tr><td>17.11<\/td><td>Poniedzia\u0142ek<\/td><td>18.00<\/td><td>+ J\u00f3zef\u0119 Jaworsk\u0105<\/td><\/tr><tr><td>&nbsp;<\/td><td>&nbsp;<\/td><td>18.30<\/td><td>greg (17)<\/td><\/tr><tr><td>18.11<\/td><td>Wtorek<\/td><td>7.00<\/td><td>greg (18)<\/td><\/tr><tr><td>19.11<\/td><td>\u015aroda<\/td><td>18.00<\/td><td>greg (19)<\/td><\/tr><tr><td>20.11<\/td><td>Czwartek<\/td><td>7.00<\/td><td>greg (20)<\/td><\/tr><tr><td>21.11<\/td><td>Pi\u0105tek<\/td><td>18.00<\/td><td>greg (21)<\/td><\/tr><tr><td>22.11<\/td><td>Sobota<\/td><td>14.30<\/td><td>DPS &#8211; greg (22)<\/td><\/tr><tr><td>&nbsp;<\/td><td>&nbsp;<\/td><td>18.00<\/td><td>+ Halin\u0119 Gawlik 30 dzie\u0144 po \u015bm.<\/td><\/tr><tr><td><strong>23.11<\/strong><\/td><td><strong>Niedziela<\/strong><\/td><td>7.00<\/td><td>greg (23)<\/td><\/tr><tr><td><strong>&nbsp;<\/strong><\/td><td><strong>&nbsp;<\/strong><\/td><td>9.00<\/td><td>zam. p. Kuligowski<\/td><\/tr><tr><td>&nbsp;<\/td><td>&nbsp;<\/td><td>11.00<\/td><td>3 r. \u015bm. + Andrzej Kope\u0107<\/td><\/tr><\/tbody><\/table><\/figure>\n","protected":false},"excerpt":{"rendered":"<p>W dzisiejsz\u0105 niedziel\u0119 taca przeznaczona jest na Seminarium Duchowne. Na Mszy \u015bw. o godz. 11.00 katecheza dla dzieci i rodzic\u00f3w przygotowuj\u0105cych si\u0119 do Mszy \u015bw. W przysz\u0142\u0105 niedziel\u0119 uroczysto\u015b\u0107 Jezusa Chrystusa Kr\u00f3la Wszech\u015bwiata. Zapraszamy ca\u0142\u0105 wsp\u00f3lnot\u0119 parafialn\u0105 oraz ch\u0119tne osoby do udzia\u0142u w zbi\u00f3rce zu\u017cytego sprz\u0119tu elektrycznego i elektronicznego (sprz\u0119t [&hellip;]<\/p>\n","protected":false},"author":2,"featured_media":0,"comment_status":"closed","ping_status":"closed","sticky":false,"template":"","format":"standard","meta":[],"categories":[2],"tags":[],"_links":{"self":[{"href":"http:\/\/www.parafiakuligow.pl\/index.php\/wp-json\/wp\/v2\/posts\/3143"}],"collection":[{"href":"http:\/\/www.parafiakuligow.pl\/index.php\/wp-json\/wp\/v2\/posts"}],"about":[{"href":"http:\/\/www.parafiakuligow.pl\/index.php\/wp-json\/wp\/v2\/types\/post"}],"author":[{"embeddable":true,"href":"http:\/\/www.parafiakuligow.pl\/index.php\/wp-json\/wp\/v2\/users\/2"}],"replies":[{"embeddable":true,"href":"http:\/\/www.parafiakuligow.pl\/index.php\/wp-json\/wp\/v2\/comments?post=3143"}],"version-history":[{"count":3,"href":"http:\/\/www.parafiakuligow.pl\/index.php\/wp-json\/wp\/v2\/posts\/3143\/revisions"}],"predecessor-version":[{"id":3147,"href":"http:\/\/www.parafiakuligow.pl\/index.php\/wp-json\/wp\/v2\/posts\/3143\/revisions\/3147"}],"wp:attachment":[{"href":"http:\/\/www.parafiakuligow.pl\/index.php\/wp-json\/wp\/v2\/media?parent=3143"}],"wp:term":[{"taxonomy":"category","embeddable":true,"href":"http:\/\/www.parafiakuligow.pl\/index.php\/wp-json\/wp\/v2\/categories?post=3143"},{"taxonomy":"post_tag","embeddable":true,"href":"http:\/\/www.parafiakuligow.pl\/index.php\/wp-json\/wp\/v2\/tags?post=3143"}],"curies":[{"name":"wp","href":"https:\/\/api.w.org\/{rel}","templated":true}]}}