{"id":3079,"date":"2025-09-07T00:53:00","date_gmt":"2025-09-06T22:53:00","guid":{"rendered":"https:\/\/www.parafiakuligow.pl\/?p=3079"},"modified":"2025-09-06T22:58:46","modified_gmt":"2025-09-06T20:58:46","slug":"31-sierpien-2025-2","status":"publish","type":"post","link":"http:\/\/www.parafiakuligow.pl\/index.php\/2025\/09\/07\/31-sierpien-2025-2\/","title":{"rendered":"7 wrzesie\u0144 2025"},"content":{"rendered":"\n<ol type=\"1\"><li>W przysz\u0142\u0105 niedziel\u0119 prze\u017cywamy \u015bwi\u0119to Podwy\u017cszenia Krzy\u017ca \u015awi\u0119tego.<\/li><li>Zapraszam dzieci z rodzicami po odbi\u00f3r zeszyt\u00f3w pt. \u201eZawsze by\u0107 blisko Jezusa \u2013 Moja niedzielna Eucharystia\u201d. Program oparty o wypowiedzi Carlo Acutisa.<\/li><li>Jest ju\u017c Ksi\u0105\u017cka intencji Mszalnych na rok 2026. Mo\u017cna zamawia\u0107 intencje.<\/li><li>W czwartek 4 wrze\u015bnia odby\u0142o si\u0119 w naszej parafii spotkanie dekanalne z formacj\u0105 Ksi\u0119\u017cy. Dzi\u0119kuj\u0119 paniom z parafii za pomoc w obs\u0142udze ksi\u0119\u017cy na plebani. Rodzinie Pietrucha dzi\u0119kujemy za ofiarowanie ciasta z rodzinnej firmy Cukiernia Alania.<\/li><li>Dzi\u0119kujemy za kwiaty ofiarowane do \u015bwi\u0105tyni rodzinie Wierzbickich, oraz dzi\u0119kujemy paniom za u\u0142o\u017cenie dekoracji.<\/li><li>Zapraszamy do nabywania i czytania tygodnika \u201eIdziemy\u201d.<\/li><li>\u017bycz\u0105c wszystkim radosnego dobrego odpoczynku zapraszamy do modlitwy w naszej Pi\u0119knej \u015awi\u0105tyni.<\/li><\/ol>\n\n\n\n<h2><strong>Intencje Mszalne<\/strong><\/h2>\n\n\n\n<figure class=\"wp-block-table\"><table><tbody><tr><td><strong>Data<\/strong><\/td><td><strong>dzie\u0144<\/strong><\/td><td><strong>Godzina<\/strong><\/td><td><strong>Intencja<\/strong><\/td><\/tr><tr><td><strong>07.09<\/strong><\/td><td><strong>Niedziela<\/strong><\/td><td>9.00<\/td><td>+ Jusi\u0144ski Stanis\u0142aw<\/td><\/tr><tr><td>&nbsp;<\/td><td>&nbsp;<\/td><td>11.00<\/td><td>+ Krzystofa i Helen\u0119 Troszczy\u0144skich<\/td><\/tr><tr><td>&nbsp;<\/td><td>&nbsp;<\/td><td>13.00<\/td><td>greg (7)<\/td><\/tr><tr><td>08.09<\/td><td>Poniedzia\u0142ek<\/td><td>18.00<\/td><td>greg (8)<\/td><\/tr><tr><td>09.09<\/td><td>Wtorek<\/td><td>7.00<\/td><td>greg (9)<\/td><\/tr><tr><td>10.09<\/td><td>\u015aroda<\/td><td>18.00<\/td><td>+ Jolanta Bielecka<\/td><\/tr><tr><td>&nbsp;<\/td><td>&nbsp;<\/td><td>19.00<\/td><td>greg (10)<\/td><\/tr><tr><td>11.09<\/td><td>Czwartek<\/td><td>7.00<\/td><td>greg (11)<\/td><\/tr><tr><td>12.09<\/td><td>Pi\u0105tek<\/td><td>18.00<\/td><td>greg (12)<\/td><\/tr><tr><td>13.09<\/td><td>Sobota<\/td><td>14.30<\/td><td>&#8211; DPS &#8211; greg (13)<\/td><\/tr><tr><td>&nbsp;<\/td><td>&nbsp;<\/td><td>18.00<\/td><td>+ Henryka i Krystyn\u0119 Karasiewicz<\/td><\/tr><tr><td><strong>14.09<\/strong><\/td><td><strong>Niedziela<\/strong><\/td><td>9.00<\/td><td>+ Jerzego i Jadwig\u0119 Mianowskich<\/td><\/tr><tr><td>&nbsp;<\/td><td>&nbsp;<\/td><td>11.00<\/td><td>+ Stanis\u0142aw Gawlik<\/td><\/tr><tr><td>&nbsp;<\/td><td>&nbsp;<\/td><td>13.00<\/td><td>greg (14)<\/td><\/tr><\/tbody><\/table><\/figure>\n","protected":false},"excerpt":{"rendered":"<p>W przysz\u0142\u0105 niedziel\u0119 prze\u017cywamy \u015bwi\u0119to Podwy\u017cszenia Krzy\u017ca \u015awi\u0119tego. Zapraszam dzieci z rodzicami po odbi\u00f3r zeszyt\u00f3w pt. \u201eZawsze by\u0107 blisko Jezusa \u2013 Moja niedzielna Eucharystia\u201d. Program oparty o wypowiedzi Carlo Acutisa. Jest ju\u017c Ksi\u0105\u017cka intencji Mszalnych na rok 2026. Mo\u017cna zamawia\u0107 intencje. W czwartek 4 wrze\u015bnia odby\u0142o si\u0119 w naszej parafii [&hellip;]<\/p>\n","protected":false},"author":2,"featured_media":0,"comment_status":"closed","ping_status":"closed","sticky":false,"template":"","format":"standard","meta":[],"categories":[2],"tags":[],"_links":{"self":[{"href":"http:\/\/www.parafiakuligow.pl\/index.php\/wp-json\/wp\/v2\/posts\/3079"}],"collection":[{"href":"http:\/\/www.parafiakuligow.pl\/index.php\/wp-json\/wp\/v2\/posts"}],"about":[{"href":"http:\/\/www.parafiakuligow.pl\/index.php\/wp-json\/wp\/v2\/types\/post"}],"author":[{"embeddable":true,"href":"http:\/\/www.parafiakuligow.pl\/index.php\/wp-json\/wp\/v2\/users\/2"}],"replies":[{"embeddable":true,"href":"http:\/\/www.parafiakuligow.pl\/index.php\/wp-json\/wp\/v2\/comments?post=3079"}],"version-history":[{"count":5,"href":"http:\/\/www.parafiakuligow.pl\/index.php\/wp-json\/wp\/v2\/posts\/3079\/revisions"}],"predecessor-version":[{"id":3085,"href":"http:\/\/www.parafiakuligow.pl\/index.php\/wp-json\/wp\/v2\/posts\/3079\/revisions\/3085"}],"wp:attachment":[{"href":"http:\/\/www.parafiakuligow.pl\/index.php\/wp-json\/wp\/v2\/media?parent=3079"}],"wp:term":[{"taxonomy":"category","embeddable":true,"href":"http:\/\/www.parafiakuligow.pl\/index.php\/wp-json\/wp\/v2\/categories?post=3079"},{"taxonomy":"post_tag","embeddable":true,"href":"http:\/\/www.parafiakuligow.pl\/index.php\/wp-json\/wp\/v2\/tags?post=3079"}],"curies":[{"name":"wp","href":"https:\/\/api.w.org\/{rel}","templated":true}]}}