{"id":3075,"date":"2025-08-31T00:03:00","date_gmt":"2025-08-30T22:03:00","guid":{"rendered":"https:\/\/www.parafiakuligow.pl\/?p=3075"},"modified":"2025-08-30T21:05:09","modified_gmt":"2025-08-30T19:05:09","slug":"31-sierpien-2025","status":"publish","type":"post","link":"http:\/\/www.parafiakuligow.pl\/index.php\/2025\/08\/31\/31-sierpien-2025\/","title":{"rendered":"31 sierpie\u0144 2025"},"content":{"rendered":"\n<ol type=\"1\"><li>W ubieg\u0142\u0105 niedziel\u0119 prze\u017cywali\u015bmy odpust parafialny. Serdecznie B\u00f3g zap\u0142a\u0107 wszystkim kt\u00f3rzy w jakikolwiek spos\u00f3b przyczynili si\u0119 do przygotowania i przeprowadzenia tej Uroczysto\u015bci. Dzi\u0119kuj\u0119 OSP z Kuligowa za obecno\u015b\u0107 z pocztem sztandarowym oraz udzia\u0142 w procesji, dzi\u0119kuj\u0119 w\u0142a\u015bcicielom Skansenu w Kuligowie Pa\u0144stwu Urmanowskim za ugoszczenie Ksi\u0119\u017cy uroczystym obiadem \u2013 B\u00f3g zap\u0142a\u0107, szczeg\u00f3lnie dzi\u0119kuje rodzinie Sta\u0144czak\u00f3w, pani Alicji Czerwi\u0144skiej za wykonane prace, dzi\u0119kuje S\u0142u\u017cbie Liturgicznej, rodzicom i bielankom, m\u0142odzie\u017cy oraz wszystkim kt\u00f3rzy w jakikolwiek spos\u00f3b przyczynili si\u0119 do tej Uroczysto\u015bci. B\u00f3g zap\u0142a\u0107!<\/li><li>W przysz\u0142\u0105 niedziel\u0119 zbi\u00f3rka do puszek na Katolicki O\u015brodek Adopcyjny oraz taca na Seminarium Duchowne.<\/li><li>Jest ju\u017c Ksi\u0105\u017cka intencji Mszalnych na rok 2026. Mo\u017cna zamawia\u0107 intencje.<\/li><li>Przypominamy dzieciom i m\u0142odzie\u017cy o spowiedzi na rozpocz\u0119cie roku szkolnego.<\/li><li>W tym tygodniu w pi\u0105tek 5 wrze\u015bnia pierwszy pi\u0105tek miesi\u0105ca spowied\u017a od godz. 17.30, w sobot\u0119 pierwsza sobota miesi\u0105ca, r\u00f3\u017caniec o godz. 17.30.<\/li><li>Od 1 wrze\u015bnia Msze \u015bw. w dni powszednie o godz. 18.00.<\/li><li>Zapraszamy do nabywania i czytania tygodnika \u201eIdziemy\u201d.<\/li><li>\u017bycz\u0105c wszystkim radosnego dobrego odpoczynku zapraszamy do modlitwy w naszej Pi\u0119knej \u015awi\u0105tyni.<\/li><\/ol>\n\n\n\n<p><strong>Intencje Mszalne<\/strong><\/p>\n\n\n\n<figure class=\"wp-block-table\"><table><tbody><tr><td><strong>Data<\/strong><\/td><td><strong>dzie\u0144<\/strong><\/td><td><strong>Godzina<\/strong><\/td><td><strong>Intencja<\/strong><\/td><\/tr><tr><td><strong>31.08<\/strong><\/td><td><strong>Niedziela<\/strong><\/td><td>9.00<\/td><td>+ Stefani\u0119, Stefana i Hieronima Za\u0142\u0119skich<\/td><\/tr><tr><td>&nbsp;<\/td><td>&nbsp;<\/td><td>11.00<\/td><td>+ Hieronima Ga\u0142eckiego 6 r. \u015bm.<\/td><\/tr><tr><td>&nbsp;<\/td><td>&nbsp;<\/td><td>13.00<\/td><td>+ Halin\u0119, Jana, Roberta So\u0142owiej<\/td><\/tr><tr><td>01.09<\/td><td>Poniedzia\u0142ek<\/td><td>18.00<\/td><td>+ Ma\u0142gorzata Danilewicz \u2013 gregorianka<\/td><\/tr><tr><td>02.09<\/td><td>Wtorek<\/td><td>7.00<\/td><td>greg (2)<\/td><\/tr><tr><td>03.09<\/td><td>\u015aroda<\/td><td>18.00<\/td><td>greg (3)<\/td><\/tr><tr><td>&nbsp;<\/td><td>&nbsp;<\/td><td>18.30<\/td><td>W 25 r. \u015bm. + Mieczys\u0142awa Wr\u00f3blewskiego I w 26 r \u015bw. + Krzysztofa Wr\u00f3blewskiego<\/td><\/tr><tr><td>04.09<\/td><td>Czwartek<\/td><td>7.00<\/td><td>greg (4)<\/td><\/tr><tr><td>05.09<\/td><td>Pi\u0105tek<\/td><td>18.00<\/td><td>greg (5)<\/td><\/tr><tr><td>06.09<\/td><td>Sobota<\/td><td>18.00<\/td><td>Zam\u00f3wiona przez p. Cezary Kuligowski<\/td><\/tr><tr><td><strong>07.09<\/strong><\/td><td><strong>Niedziela<\/strong><\/td><td>9.00<\/td><td>+ Jusi\u0144ski Stanis\u0142aw<\/td><\/tr><tr><td>&nbsp;<\/td><td>&nbsp;<\/td><td>11.00<\/td><td>+ Krzystofa i Helen\u0119 Troszczy\u0144skich<\/td><\/tr><tr><td>&nbsp;<\/td><td>&nbsp;<\/td><td>13.00<\/td><td>greg (7)<\/td><\/tr><\/tbody><\/table><\/figure>\n","protected":false},"excerpt":{"rendered":"<p>W ubieg\u0142\u0105 niedziel\u0119 prze\u017cywali\u015bmy odpust parafialny. Serdecznie B\u00f3g zap\u0142a\u0107 wszystkim kt\u00f3rzy w jakikolwiek spos\u00f3b przyczynili si\u0119 do przygotowania i przeprowadzenia tej Uroczysto\u015bci. Dzi\u0119kuj\u0119 OSP z Kuligowa za obecno\u015b\u0107 z pocztem sztandarowym oraz udzia\u0142 w procesji, dzi\u0119kuj\u0119 w\u0142a\u015bcicielom Skansenu w Kuligowie Pa\u0144stwu Urmanowskim za ugoszczenie Ksi\u0119\u017cy uroczystym obiadem \u2013 B\u00f3g zap\u0142a\u0107, [&hellip;]<\/p>\n","protected":false},"author":2,"featured_media":0,"comment_status":"closed","ping_status":"closed","sticky":false,"template":"","format":"standard","meta":[],"categories":[2],"tags":[],"_links":{"self":[{"href":"http:\/\/www.parafiakuligow.pl\/index.php\/wp-json\/wp\/v2\/posts\/3075"}],"collection":[{"href":"http:\/\/www.parafiakuligow.pl\/index.php\/wp-json\/wp\/v2\/posts"}],"about":[{"href":"http:\/\/www.parafiakuligow.pl\/index.php\/wp-json\/wp\/v2\/types\/post"}],"author":[{"embeddable":true,"href":"http:\/\/www.parafiakuligow.pl\/index.php\/wp-json\/wp\/v2\/users\/2"}],"replies":[{"embeddable":true,"href":"http:\/\/www.parafiakuligow.pl\/index.php\/wp-json\/wp\/v2\/comments?post=3075"}],"version-history":[{"count":2,"href":"http:\/\/www.parafiakuligow.pl\/index.php\/wp-json\/wp\/v2\/posts\/3075\/revisions"}],"predecessor-version":[{"id":3078,"href":"http:\/\/www.parafiakuligow.pl\/index.php\/wp-json\/wp\/v2\/posts\/3075\/revisions\/3078"}],"wp:attachment":[{"href":"http:\/\/www.parafiakuligow.pl\/index.php\/wp-json\/wp\/v2\/media?parent=3075"}],"wp:term":[{"taxonomy":"category","embeddable":true,"href":"http:\/\/www.parafiakuligow.pl\/index.php\/wp-json\/wp\/v2\/categories?post=3075"},{"taxonomy":"post_tag","embeddable":true,"href":"http:\/\/www.parafiakuligow.pl\/index.php\/wp-json\/wp\/v2\/tags?post=3075"}],"curies":[{"name":"wp","href":"https:\/\/api.w.org\/{rel}","templated":true}]}}