{"id":307,"date":"2016-02-14T11:24:15","date_gmt":"2016-02-14T10:24:15","guid":{"rendered":"http:\/\/www.parafiakuligow.pl\/?p=307"},"modified":"2016-02-14T11:25:15","modified_gmt":"2016-02-14T10:25:15","slug":"14-lutego-2016-r-i-niedziela-wielkiego-postu","status":"publish","type":"post","link":"http:\/\/www.parafiakuligow.pl\/index.php\/2016\/02\/14\/14-lutego-2016-r-i-niedziela-wielkiego-postu\/","title":{"rendered":"14 lutego 2016 r.  I Niedziela Wielkiego Postu"},"content":{"rendered":"<p>1. Dzisiaj we wszystkich parafiach naszej diecezji po Mszach \u015awi\u0119tych zbi\u00f3rka do puszek Caritas na leczenie i rehabilitacj\u0119 chorych dzieci. Za tydzie\u0144 zbi\u00f3rka na dzie\u0142o misyjne \u201e Ad gentes\u201d.<\/p>\n<p>2. W \u015arod\u0119 Popielcow\u0105 rozpocz\u0119li\u015bmy liturgiczny okres Wielkiego Postu czas duchowej odnowy oraz przygotowania do obchodu Paschy i \u015awi\u0105t Wielkanocnych. Zapraszamy<br \/>\ndo udzia\u0142u w nabo\u017ce\u0144stwach ku czci M\u0119ki Pa\u0144skiej. Droga krzy\u017cowa w pi\u0105tki o godz. 17.30, Gorzkie \u017cale w niedziele po Mszy \u015bw. o godz. 11.00.<\/p>\n<p>3. Rekolekcje wielkopostne w naszej parafii odb\u0119d\u0105 si\u0119 10, 11 i 12 marca; w czwartek, pi\u0105tek i sobot\u0119 przed V niedziel\u0105 Wielkiego Postu. Ka\u017cdego dnia b\u0119d\u0105 dwie Msze \u015bw.<br \/>\nz nauk\u0105 rekolekcyjn\u0105 o godz. 11.00 i 18.00 oraz mo\u017cliwo\u015b\u0107 spowiedzi. Rekolekcje poprowadzi ks. Wojciech Krai\u0144ski proboszcz z Choszcz\u00f3wki Stojeckiej.<br \/>\nW\u0142\u0105czmy to wydarzenie do naszych plan\u00f3w i do naszej modlitwy.<\/p>\n<p>4. W niedalekiej przysz\u0142o\u015bci Stowarzyszenie Pomoc Ko\u015bcio\u0142owi w Potrzebie zorganizuje<br \/>\nna naszym terenie zbi\u00f3rk\u0119 elektro\u015bmieci tzn. zu\u017cytego sprz\u0119tu elektrycznego<br \/>\ni elektronicznego.<\/p>\n<p>Oddaj\u0105c np. niepotrzebny telewizor, komputer, monitor, drukark\u0119, pralk\u0119, lod\u00f3wk\u0119, telefon itp. mo\u017cemy pozby\u0107 si\u0119 k\u0142opotu, a zarazem do\u0142o\u017cy\u0107 swoj\u0105 cegie\u0142k\u0119 do akcji niesienia pomocy ludziom b\u0119d\u0105cym w potrzebie na ca\u0142ym \u015bwiecie.<\/p>\n<p>O dok\u0142adnym czasie i miejscu tej zbi\u00f3rki zostaniemy jeszcze poinformowani.<\/p>\n<p><strong>Intencje mszalne:<\/strong><\/p>\n<p><strong>ndz 14. II I Niedziela Wielkiego Postu<\/strong><br \/>\ng. 9.00 + Marianny, Stanis\u0142awa, Jadwigi, Jerzego Mianowskich<br \/>\ng. 11.00 \u00a0rez. p. \u017bochowska<\/p>\n<p><strong>pn 15. II<br \/>\n<\/strong>g. 18.00 + Janiny Wi\u015bniewskiej \u2013 gregoria\u0144ska 15<\/p>\n<p><strong>wt 16. II<br \/>\n<\/strong>g. 7.00 + Janiny Wi\u015bniewskiej \u2013 gregoria\u0144ska 16<\/p>\n<p><strong>\u015br 17. II<br \/>\n<\/strong>g. 18.00 + Janiny Wi\u015bniewskiej \u2013 gregoria\u0144ska 17<\/p>\n<p><strong>czw 18. II<\/strong><br \/>\ng. 7.00 + Janiny Wi\u015bniewskiej \u2013 gregoria\u0144ska 18<\/p>\n<p><strong>pt 19. II<br \/>\n<\/strong> g. 18.00 + Janiny Wi\u015bniewskiej \u2013 gregoria\u0144ska 19<\/p>\n<p><strong>sob 20.\u00a0II<br \/>\n<\/strong> g. 17.00 + Janiny Wi\u015bniewskiej \u2013 gregoria\u0144ska 20<br \/>\ng. 18.00 rezerwacja<\/p>\n<p><strong>ndz 21. II \u00a0 II niedziela Wielkiego Postu<\/strong><br \/>\ng. 9.00 \u00a0 + Janiny Wi\u015bniewskiej \u2013 gregoria\u0144ska 21<br \/>\ng. 11.00 \u00a0 rez. p. Sta\u0144czak<\/p>\n","protected":false},"excerpt":{"rendered":"<p>1. Dzisiaj we wszystkich parafiach naszej diecezji po Mszach \u015awi\u0119tych zbi\u00f3rka do puszek Caritas na leczenie i rehabilitacj\u0119 chorych dzieci. Za tydzie\u0144 zbi\u00f3rka na dzie\u0142o misyjne \u201e Ad gentes\u201d. 2. W \u015arod\u0119 Popielcow\u0105 rozpocz\u0119li\u015bmy liturgiczny okres Wielkiego Postu czas duchowej odnowy oraz przygotowania do obchodu Paschy i \u015awi\u0105t Wielkanocnych. Zapraszamy [&hellip;]<\/p>\n","protected":false},"author":1,"featured_media":0,"comment_status":"closed","ping_status":"open","sticky":false,"template":"","format":"standard","meta":[],"categories":[2],"tags":[],"_links":{"self":[{"href":"http:\/\/www.parafiakuligow.pl\/index.php\/wp-json\/wp\/v2\/posts\/307"}],"collection":[{"href":"http:\/\/www.parafiakuligow.pl\/index.php\/wp-json\/wp\/v2\/posts"}],"about":[{"href":"http:\/\/www.parafiakuligow.pl\/index.php\/wp-json\/wp\/v2\/types\/post"}],"author":[{"embeddable":true,"href":"http:\/\/www.parafiakuligow.pl\/index.php\/wp-json\/wp\/v2\/users\/1"}],"replies":[{"embeddable":true,"href":"http:\/\/www.parafiakuligow.pl\/index.php\/wp-json\/wp\/v2\/comments?post=307"}],"version-history":[{"count":4,"href":"http:\/\/www.parafiakuligow.pl\/index.php\/wp-json\/wp\/v2\/posts\/307\/revisions"}],"predecessor-version":[{"id":311,"href":"http:\/\/www.parafiakuligow.pl\/index.php\/wp-json\/wp\/v2\/posts\/307\/revisions\/311"}],"wp:attachment":[{"href":"http:\/\/www.parafiakuligow.pl\/index.php\/wp-json\/wp\/v2\/media?parent=307"}],"wp:term":[{"taxonomy":"category","embeddable":true,"href":"http:\/\/www.parafiakuligow.pl\/index.php\/wp-json\/wp\/v2\/categories?post=307"},{"taxonomy":"post_tag","embeddable":true,"href":"http:\/\/www.parafiakuligow.pl\/index.php\/wp-json\/wp\/v2\/tags?post=307"}],"curies":[{"name":"wp","href":"https:\/\/api.w.org\/{rel}","templated":true}]}}