{"id":3037,"date":"2025-07-13T00:46:00","date_gmt":"2025-07-12T22:46:00","guid":{"rendered":"https:\/\/www.parafiakuligow.pl\/?p=3037"},"modified":"2025-07-05T23:52:13","modified_gmt":"2025-07-05T21:52:13","slug":"13-lipiec-2025","status":"publish","type":"post","link":"http:\/\/www.parafiakuligow.pl\/index.php\/2025\/07\/13\/13-lipiec-2025\/","title":{"rendered":"13 lipiec 2025"},"content":{"rendered":"\n<ol type=\"1\"><li>W przysz\u0142\u0105 niedziel\u0119 \u015bwi\u0119cenie pojazd\u00f3w po ka\u017cdej Mszy \u015bw. Akcja \u015bw. Krzysztof 1 grosz za 1 kilometr na \u015brodki transportu dla misjonarzy. Ofiary z\u0142o\u017cone z tej okazji prawie w ca\u0142o\u015bci b\u0119d\u0105 z\u0142o\u017cone na ten cel.<\/li><li>Zapraszamy do nabywania i czytania tygodnika \u201eIdziemy\u201d.<\/li><li>\u017bycz\u0105c wszystkim radosnego dobrego odpoczynku zapraszamy do modlitwy w naszej Pi\u0119knej \u015awi\u0105tyni.<\/li><\/ol>\n\n\n\n<p><strong>Intencje Mszalne<\/strong><\/p>\n\n\n\n<figure class=\"wp-block-table\"><table><tbody><tr><td><strong>Data<\/strong><\/td><td><strong>dzie\u0144<\/strong><\/td><td><strong>Godzina<\/strong><\/td><td><strong>Intencja<\/strong><\/td><\/tr><tr><td><strong>13.07<\/strong><\/td><td><strong>Niedziela<\/strong><\/td><td>9.00<\/td><td>Za Karasiewicz Jakuba \u2013 urodzinowa w 17 rocz. urodzin<\/td><\/tr><tr><td><strong>&nbsp;<\/strong><\/td><td><strong>&nbsp;<\/strong><\/td><td>11.00<\/td><td>+ Ew\u0119 Diakowsk\u0105 +J\u00f3zefa i Genowef\u0119 Jusi\u0144skich + Leszka Klimkiewicz<\/td><\/tr><tr><td>&nbsp;<\/td><td>&nbsp;<\/td><td>13.00<\/td><td>+ Mianowski W\u0142adys\u0142aw i Wac\u0142awa i Mianowski Marek<\/td><\/tr><tr><td>14.07<\/td><td>Poniedzia\u0142ek<\/td><td>19.00<\/td><td>&nbsp;<\/td><\/tr><tr><td>15.07<\/td><td>Wtorek<\/td><td>7.00<\/td><td>&nbsp;<\/td><\/tr><tr><td>16.07<\/td><td>\u015aroda<\/td><td>19.00<\/td><td>&nbsp;<\/td><\/tr><tr><td>17.07<\/td><td>Czwartek<\/td><td>7.00<\/td><td>&nbsp;<\/td><\/tr><tr><td>18.07<\/td><td>Pi\u0105tek<\/td><td>19.00<\/td><td>+ Czes\u0142awa Kaliszewskiego<\/td><\/tr><tr><td>19.07<\/td><td>Sobota<\/td><td>16.00<\/td><td>\u015alub B\u0142a\u017cej Korzeniewski \u2013 Aleksandra Karasiewicz<\/td><\/tr><tr><td>&nbsp;<\/td><td>&nbsp;<\/td><td>19.00<\/td><td>+ J\u00f3zefa Jaworska<\/td><\/tr><tr><td><strong>20.07<\/strong><\/td><td><strong>Niedziela<\/strong><\/td><td>9.00<\/td><td>+ Mariann\u0119, Feliksa, W\u0142odzimierza Piwowarskich + Zofi\u0119 Za\u0142\u0119sk\u0105<\/td><\/tr><tr><td>&nbsp;<\/td><td>&nbsp;<\/td><td>11.00<\/td><td>Zam. Kuligowski<\/td><\/tr><tr><td>&nbsp;<\/td><td>&nbsp;<\/td><td>13.00<\/td><td>+ Czes\u0142aw\u0119 Mianowsk\u0105<\/td><\/tr><\/tbody><\/table><\/figure>\n","protected":false},"excerpt":{"rendered":"<p>W przysz\u0142\u0105 niedziel\u0119 \u015bwi\u0119cenie pojazd\u00f3w po ka\u017cdej Mszy \u015bw. Akcja \u015bw. Krzysztof 1 grosz za 1 kilometr na \u015brodki transportu dla misjonarzy. Ofiary z\u0142o\u017cone z tej okazji prawie w ca\u0142o\u015bci b\u0119d\u0105 z\u0142o\u017cone na ten cel. Zapraszamy do nabywania i czytania tygodnika \u201eIdziemy\u201d. \u017bycz\u0105c wszystkim radosnego dobrego odpoczynku zapraszamy do modlitwy [&hellip;]<\/p>\n","protected":false},"author":2,"featured_media":0,"comment_status":"closed","ping_status":"closed","sticky":false,"template":"","format":"standard","meta":[],"categories":[2],"tags":[],"_links":{"self":[{"href":"http:\/\/www.parafiakuligow.pl\/index.php\/wp-json\/wp\/v2\/posts\/3037"}],"collection":[{"href":"http:\/\/www.parafiakuligow.pl\/index.php\/wp-json\/wp\/v2\/posts"}],"about":[{"href":"http:\/\/www.parafiakuligow.pl\/index.php\/wp-json\/wp\/v2\/types\/post"}],"author":[{"embeddable":true,"href":"http:\/\/www.parafiakuligow.pl\/index.php\/wp-json\/wp\/v2\/users\/2"}],"replies":[{"embeddable":true,"href":"http:\/\/www.parafiakuligow.pl\/index.php\/wp-json\/wp\/v2\/comments?post=3037"}],"version-history":[{"count":4,"href":"http:\/\/www.parafiakuligow.pl\/index.php\/wp-json\/wp\/v2\/posts\/3037\/revisions"}],"predecessor-version":[{"id":3043,"href":"http:\/\/www.parafiakuligow.pl\/index.php\/wp-json\/wp\/v2\/posts\/3037\/revisions\/3043"}],"wp:attachment":[{"href":"http:\/\/www.parafiakuligow.pl\/index.php\/wp-json\/wp\/v2\/media?parent=3037"}],"wp:term":[{"taxonomy":"category","embeddable":true,"href":"http:\/\/www.parafiakuligow.pl\/index.php\/wp-json\/wp\/v2\/categories?post=3037"},{"taxonomy":"post_tag","embeddable":true,"href":"http:\/\/www.parafiakuligow.pl\/index.php\/wp-json\/wp\/v2\/tags?post=3037"}],"curies":[{"name":"wp","href":"https:\/\/api.w.org\/{rel}","templated":true}]}}