{"id":3034,"date":"2025-07-06T00:40:00","date_gmt":"2025-07-05T22:40:00","guid":{"rendered":"https:\/\/www.parafiakuligow.pl\/?p=3034"},"modified":"2025-07-05T23:48:12","modified_gmt":"2025-07-05T21:48:12","slug":"6-lipiec-2025","status":"publish","type":"post","link":"http:\/\/www.parafiakuligow.pl\/index.php\/2025\/07\/06\/6-lipiec-2025\/","title":{"rendered":"6 lipiec 2025"},"content":{"rendered":"\n<ol type=\"1\"><li>W tym tygodniu Ksi\u0105dz Proboszcz b\u0119dzie przebywa\u0142 na urlopie. Ewentualne pilne sprawy b\u0119dzie obs\u0142ugiwa\u0142 Ks. Proboszcz z J\u00f3zefowa, telefon podany w gablocie.<\/li><li>Zapraszamy do nabywania i czytania tygodnika \u201eIdziemy\u201d.<\/li><li>\u017bycz\u0105c wszystkim radosnego dobrego odpoczynku zapraszamy do modlitwy w naszej Pi\u0119knej \u015awi\u0105tyni.<\/li><\/ol>\n\n\n\n<p><strong>Intencje Mszalne<\/strong><\/p>\n\n\n\n<figure class=\"wp-block-table\"><table><tbody><tr><td><strong>Data<\/strong><\/td><td><strong>dzie\u0144<\/strong><\/td><td><strong>Godzina<\/strong><\/td><td><strong>Intencja<\/strong><\/td><\/tr><tr><td><strong>06.07<\/strong><\/td><td><strong>Niedziela<\/strong><\/td><td>9.00<\/td><td>+ Janin\u0119 Ireneusza Rudzkich z racji imienin<\/td><\/tr><tr><td><strong>&nbsp;<\/strong><\/td><td><strong>&nbsp;<\/strong><\/td><td>11.00<\/td><td>+ Zdzis\u0142awa Czarneckiego 8 r. \u015bm. +Adama Witeska<\/td><\/tr><tr><td>&nbsp;<\/td><td>&nbsp;<\/td><td>13.00<\/td><td>W rocznic\u0119 \u015bmierci + Cecylii Berg.<\/td><\/tr><tr><td>07.07<\/td><td>Poniedzia\u0142ek<\/td><td>19.00<\/td><td>za parafian<\/td><\/tr><tr><td>08.07<\/td><td>Wtorek<\/td><td>7.00<\/td><td>za parafian<\/td><\/tr><tr><td>09.07<\/td><td>\u015aroda<\/td><td>19.00<\/td><td>za parafian<\/td><\/tr><tr><td>10.07<\/td><td>Czwartek<\/td><td>7.00<\/td><td>za parafian<\/td><\/tr><tr><td>11.07<\/td><td>Pi\u0105tek<\/td><td>19.00<\/td><td>W 7 rocz. \u015bm. +Ryszarda oraz rodzin\u0119 Jaskulskich i Former\u00f3w<\/td><\/tr><tr><td>12.07<\/td><td>Sobota<\/td><td>19.00<\/td><td>za parafian<\/td><\/tr><tr><td><strong>13.07<\/strong><\/td><td><strong>Niedziela<\/strong><\/td><td>9.00<\/td><td>Karasiewicz Jakuba \u2013 urodzinowa w 17 rocz. urodzin<\/td><\/tr><tr><td>&nbsp;<\/td><td>&nbsp;<\/td><td>11.00<\/td><td>+ Ew\u0119 Diakowsk\u0105 +J\u00f3zefa i Genowef\u0119 Jusi\u0144skich + Leszka Klimkiewicz<\/td><\/tr><tr><td>&nbsp;<\/td><td>&nbsp;<\/td><td>13.00<\/td><td>+ Mianowski W\u0142adys\u0142aw i Wac\u0142awa i Mianowski Marek<\/td><\/tr><\/tbody><\/table><\/figure>\n","protected":false},"excerpt":{"rendered":"<p>W tym tygodniu Ksi\u0105dz Proboszcz b\u0119dzie przebywa\u0142 na urlopie. Ewentualne pilne sprawy b\u0119dzie obs\u0142ugiwa\u0142 Ks. Proboszcz z J\u00f3zefowa, telefon podany w gablocie. Zapraszamy do nabywania i czytania tygodnika \u201eIdziemy\u201d. \u017bycz\u0105c wszystkim radosnego dobrego odpoczynku zapraszamy do modlitwy w naszej Pi\u0119knej \u015awi\u0105tyni. Intencje Mszalne Data dzie\u0144 Godzina Intencja 06.07 Niedziela 9.00 [&hellip;]<\/p>\n","protected":false},"author":2,"featured_media":0,"comment_status":"closed","ping_status":"closed","sticky":false,"template":"","format":"standard","meta":[],"categories":[2],"tags":[],"_links":{"self":[{"href":"http:\/\/www.parafiakuligow.pl\/index.php\/wp-json\/wp\/v2\/posts\/3034"}],"collection":[{"href":"http:\/\/www.parafiakuligow.pl\/index.php\/wp-json\/wp\/v2\/posts"}],"about":[{"href":"http:\/\/www.parafiakuligow.pl\/index.php\/wp-json\/wp\/v2\/types\/post"}],"author":[{"embeddable":true,"href":"http:\/\/www.parafiakuligow.pl\/index.php\/wp-json\/wp\/v2\/users\/2"}],"replies":[{"embeddable":true,"href":"http:\/\/www.parafiakuligow.pl\/index.php\/wp-json\/wp\/v2\/comments?post=3034"}],"version-history":[{"count":2,"href":"http:\/\/www.parafiakuligow.pl\/index.php\/wp-json\/wp\/v2\/posts\/3034\/revisions"}],"predecessor-version":[{"id":3041,"href":"http:\/\/www.parafiakuligow.pl\/index.php\/wp-json\/wp\/v2\/posts\/3034\/revisions\/3041"}],"wp:attachment":[{"href":"http:\/\/www.parafiakuligow.pl\/index.php\/wp-json\/wp\/v2\/media?parent=3034"}],"wp:term":[{"taxonomy":"category","embeddable":true,"href":"http:\/\/www.parafiakuligow.pl\/index.php\/wp-json\/wp\/v2\/categories?post=3034"},{"taxonomy":"post_tag","embeddable":true,"href":"http:\/\/www.parafiakuligow.pl\/index.php\/wp-json\/wp\/v2\/tags?post=3034"}],"curies":[{"name":"wp","href":"https:\/\/api.w.org\/{rel}","templated":true}]}}