{"id":3031,"date":"2025-06-29T00:28:00","date_gmt":"2025-06-28T22:28:00","guid":{"rendered":"https:\/\/www.parafiakuligow.pl\/?p=3031"},"modified":"2025-06-28T22:29:07","modified_gmt":"2025-06-28T20:29:07","slug":"29-czerwiec-2025","status":"publish","type":"post","link":"http:\/\/www.parafiakuligow.pl\/index.php\/2025\/06\/29\/29-czerwiec-2025\/","title":{"rendered":"29 czerwiec 2025"},"content":{"rendered":"\n<ol type=\"1\"><li>W dzisiejsza niedziel\u0119 prze\u017cywamy Uroczysto\u015b\u0107 \u015bw. Aposto\u0142a Piotra i Paw\u0142a. Taca przeznaczona jest na Stolic\u0119 Apostolsk\u0105.<\/li><li>Udziela si\u0119 odpustu zupe\u0142nego wiernym kt\u00f3rzy pos\u0142uguj\u0105c si\u0119 pobo\u017cnie przedmiotami kultu pob\u0142ogos\u0142awionymi przez Papie\u017ca odm\u00f3wi\u0105 wyznanie wiary.<\/li><li>W tym tygodniu pierwszy pi\u0105tek miesi\u0105ca, spowied\u017a od godz. 18.30.<\/li><li>Zapraszamy do nabywania i czytania tygodnika \u201eIdziemy\u201d.<\/li><li>\u017bycz\u0105c wszystkim radosnego dobrego odpoczynku zapraszamy do modlitwy w naszej Pi\u0119knej \u015awi\u0105tyni.<\/li><\/ol>\n\n\n\n<p><strong>Intencje Mszalne<\/strong><\/p>\n\n\n\n<figure class=\"wp-block-table\"><table><tbody><tr><td><strong>Data<\/strong><\/td><td><strong>dzie\u0144<\/strong><\/td><td><strong>Godzina<\/strong><\/td><td><strong>Intencja<\/strong><\/td><\/tr><tr><td><strong>29.06<\/strong><\/td><td><strong>Niedziela<\/strong><\/td><td>9.00<\/td><td>+ Stanis\u0142aw, Adela i Janina Buczkowie i za dziadk\u00f3w<\/td><\/tr><tr><td><strong>&nbsp;<\/strong><\/td><td><strong>&nbsp;<\/strong><\/td><td>11.00<\/td><td>+ Jan Getka<\/td><\/tr><tr><td>&nbsp;<\/td><td>&nbsp;<\/td><td>13.00<\/td><td>Zaj\u0119te p Katarzyna Stokowska<\/td><\/tr><tr><td>30.06<\/td><td>Poniedzia\u0142ek<\/td><td>19.00<\/td><td>+ Hieronim Za\u0142\u0119ski<\/td><\/tr><tr><td>01.07<\/td><td>Wtorek<\/td><td>7.00<\/td><td>+ Edward Karasiewicz<\/td><\/tr><tr><td>02.07<\/td><td>\u015aroda<\/td><td>19.00<\/td><td>&nbsp;<\/td><\/tr><tr><td>03.07<\/td><td>Czwartek<\/td><td>7.00<\/td><td>za parafian<\/td><\/tr><tr><td>04.07<\/td><td>Pi\u0105tek<\/td><td>19.00<\/td><td>&nbsp;<\/td><\/tr><tr><td>05.07<\/td><td>Sobota<\/td><td>19.00<\/td><td>+ Henryk i Janina, Stanis\u0142aw Marianna Garbacz<\/td><\/tr><tr><td><strong>06.07<\/strong><\/td><td><strong>Niedziela<\/strong><\/td><td>9.00<\/td><td>+ Janin\u0119 Ireneusza Rudzkich z racji imienin<\/td><\/tr><tr><td>&nbsp;<\/td><td>&nbsp;<\/td><td>11.00<\/td><td>+ Zdzis\u0142awa Czarneckiego 8 r. \u015bm. +Adama Witeska 18 r. \u015bm.<\/td><\/tr><tr><td>&nbsp;<\/td><td>&nbsp;<\/td><td>13.00<\/td><td>W rocznic\u0119 \u015bmierci + Cecylii Berg.<\/td><\/tr><\/tbody><\/table><\/figure>\n","protected":false},"excerpt":{"rendered":"<p>W dzisiejsza niedziel\u0119 prze\u017cywamy Uroczysto\u015b\u0107 \u015bw. Aposto\u0142a Piotra i Paw\u0142a. Taca przeznaczona jest na Stolic\u0119 Apostolsk\u0105. Udziela si\u0119 odpustu zupe\u0142nego wiernym kt\u00f3rzy pos\u0142uguj\u0105c si\u0119 pobo\u017cnie przedmiotami kultu pob\u0142ogos\u0142awionymi przez Papie\u017ca odm\u00f3wi\u0105 wyznanie wiary. W tym tygodniu pierwszy pi\u0105tek miesi\u0105ca, spowied\u017a od godz. 18.30. Zapraszamy do nabywania i czytania tygodnika \u201eIdziemy\u201d. [&hellip;]<\/p>\n","protected":false},"author":2,"featured_media":0,"comment_status":"closed","ping_status":"closed","sticky":false,"template":"","format":"standard","meta":[],"categories":[2],"tags":[],"_links":{"self":[{"href":"http:\/\/www.parafiakuligow.pl\/index.php\/wp-json\/wp\/v2\/posts\/3031"}],"collection":[{"href":"http:\/\/www.parafiakuligow.pl\/index.php\/wp-json\/wp\/v2\/posts"}],"about":[{"href":"http:\/\/www.parafiakuligow.pl\/index.php\/wp-json\/wp\/v2\/types\/post"}],"author":[{"embeddable":true,"href":"http:\/\/www.parafiakuligow.pl\/index.php\/wp-json\/wp\/v2\/users\/2"}],"replies":[{"embeddable":true,"href":"http:\/\/www.parafiakuligow.pl\/index.php\/wp-json\/wp\/v2\/comments?post=3031"}],"version-history":[{"count":2,"href":"http:\/\/www.parafiakuligow.pl\/index.php\/wp-json\/wp\/v2\/posts\/3031\/revisions"}],"predecessor-version":[{"id":3033,"href":"http:\/\/www.parafiakuligow.pl\/index.php\/wp-json\/wp\/v2\/posts\/3031\/revisions\/3033"}],"wp:attachment":[{"href":"http:\/\/www.parafiakuligow.pl\/index.php\/wp-json\/wp\/v2\/media?parent=3031"}],"wp:term":[{"taxonomy":"category","embeddable":true,"href":"http:\/\/www.parafiakuligow.pl\/index.php\/wp-json\/wp\/v2\/categories?post=3031"},{"taxonomy":"post_tag","embeddable":true,"href":"http:\/\/www.parafiakuligow.pl\/index.php\/wp-json\/wp\/v2\/tags?post=3031"}],"curies":[{"name":"wp","href":"https:\/\/api.w.org\/{rel}","templated":true}]}}