{"id":303,"date":"2016-02-05T15:38:36","date_gmt":"2016-02-05T14:38:36","guid":{"rendered":"http:\/\/www.parafiakuligow.pl\/?p=303"},"modified":"2016-02-05T15:38:36","modified_gmt":"2016-02-05T14:38:36","slug":"7-lutego-2016-r-v-niedziela-zwykla","status":"publish","type":"post","link":"http:\/\/www.parafiakuligow.pl\/index.php\/2016\/02\/05\/7-lutego-2016-r-v-niedziela-zwykla\/","title":{"rendered":"7 lutego 2016 r. V niedziela zwyk\u0142a"},"content":{"rendered":"<p>1. Dzisiaj z racji I niedzieli miesi\u0105ca po Mszy \u015bw. o godz. 11.00 wystawienie Naj\u015bwi\u0119tszego Sakramentu i adoracja eucharystyczna.<\/p>\n<p>2. Najbli\u017csza \u015broda 10 lutego to ju\u017c \u015aroda Popielcowa. Msze \u015bw. w naszym ko\u015bciele o godz. 10.00 i 18.00.<\/p>\n<p>3. Rozpoczynamy liturgiczny okres Wielkiego Postu \u2013 duchowego przygotowania do obchodu Paschy i \u015awi\u0105t Wielkanocnych Zapraszamy do udzia\u0142u w nabo\u017ce\u0144stwach ku czci M\u0119ki Pa\u0144skiej. Droga krzy\u017cowa w pi\u0105tki o godz. 17.30, Gorzkie \u017cale w niedziele po Mszy \u015bw. o godz. 11.00<\/p>\n<p>4. Przypominamy przepisy postne. &#8212; Wstrzemi\u0119\u017aliwo\u015b\u0107 od pokarm\u00f3w mi\u0119snych obowi\u0105zuje wszystkich, kt\u00f3rzy uko\u0144czyli 14 rok \u017cycia we wszystkie pi\u0105tki roku i \u015arod\u0119 Popielcow\u0105 &#8211; Post \u015bcis\u0142y czyli ilo\u015bciowy obowi\u0105zuje w \u015arod\u0119 Popielcow\u0105 i w Wielki Pi\u0105tek wszystkich, pomi\u0119dzy 18 a 60 rokiem \u017cycia. Przepisy postne nie obowi\u0105zuj\u0105 ludzi chorych. Uzasadniona niemo\u017cliwo\u015b\u0107 ich zachowania np. korzystanie z formy zbiorowego \u017cywienia wymaga od chrze\u015bcijanina podj\u0119cia innych form pokuty<\/p>\n<p>5. W przysz\u0142\u0105 niedziel\u0119 14 lutego we wszystkich parafiach naszej diecezji po Mszach \u015awi\u0119tych ks. biskup ordynariusz zarz\u0105dzi\u0142 zbi\u00f3rk\u0119 do puszek Caritas na leczenie i rehabilitacj\u0119 chorych dzieci.<\/p>\n<p>6. W niedalekiej przysz\u0142o\u015bci Stowarzyszenie Pomoc Ko\u015bcio\u0142owi w Potrzebie zorganizuje na naszym terenie zbi\u00f3rk\u0119 elektro\u015bmieci tzn. zu\u017cytego sprz\u0119tu elektrycznego i elektronicznego. Oddaj\u0105c np. niepotrzebny telewizor, komputer, monitor, drukark\u0119, pralk\u0119, lod\u00f3wk\u0119, telefon itp. mo\u017cemy pozby\u0107 si\u0119 k\u0142opotu, a zarazem do\u0142o\u017cy\u0107 swoj\u0105 cegie\u0142k\u0119 do akcji niesienia pomocy ludziom b\u0119d\u0105cym w potrzebie na ca\u0142ym \u015bwiecie. O dok\u0142adnym czasie i miejscu tej zbi\u00f3rki zostaniemy poinformowani niebawem.<br \/>\n<strong>Intencje mszalne:<\/strong><\/p>\n<p><strong>ndz 7. II V niedziela zwyk\u0142a<\/strong><br \/>\ng. 9.00 + Janiny Wi\u015bniewskiej \u2013 gregoria\u0144ska 7<br \/>\ng. 11.00 \u00a0+ Haliny Augustyniak w 11 r. \u015bm., Anny i Aleksandra Augustyniak, dziadk\u00f3w Kulesz\u00f3w<\/p>\n<p><strong>pn 8. II<br \/>\n<\/strong>g. 18.00 + Janiny Wi\u015bniewskiej \u2013 gregoria\u0144ska 8<\/p>\n<p><strong>wt 9. II<\/strong><br \/>\ng. 18.00 + Janiny Wi\u015bniewskiej \u2013 gregoria\u0144ska 9<\/p>\n<p><strong>\u015br 10. II \u00a0 \u015aroda Popielcowa<\/strong><br \/>\ng. 10.00 + Mieczys\u0142awa \u0141aszcz w 30 dni od \u015bmierci<br \/>\ng. 18.00 + Janiny Wi\u015bniewskiej \u2013 gregoria\u0144ska 10<\/p>\n<p><strong>czw 11. II <\/strong><br \/>\ng. 7.00 + Janiny Wi\u015bniewskiej \u2013 gregoria\u0144ska 11<\/p>\n<p><strong>pt 12. II <\/strong><br \/>\ng. 18.00 + Janiny Wi\u015bniewskiej \u2013 gregoria\u0144ska 12<\/p>\n<p><strong>sob 13. II <\/strong><br \/>\ng. 18.00 + Janiny Wi\u015bniewskiej \u2013 gregoria\u0144ska 13<\/p>\n<p><strong>ndz 14. II \u00a0 I niedziela Wielkiego Postu<\/strong><br \/>\ng. 9.00 \u00a0 + Marianny, Stanis\u0142awa, Jadwigi, Jerzego Mianowskich<br \/>\ng. 11.00 \u00a0rez. p. \u017bochowska<\/p>\n","protected":false},"excerpt":{"rendered":"<p>1. Dzisiaj z racji I niedzieli miesi\u0105ca po Mszy \u015bw. o godz. 11.00 wystawienie Naj\u015bwi\u0119tszego Sakramentu i adoracja eucharystyczna. 2. Najbli\u017csza \u015broda 10 lutego to ju\u017c \u015aroda Popielcowa. Msze \u015bw. w naszym ko\u015bciele o godz. 10.00 i 18.00. 3. Rozpoczynamy liturgiczny okres Wielkiego Postu \u2013 duchowego przygotowania do obchodu Paschy [&hellip;]<\/p>\n","protected":false},"author":1,"featured_media":0,"comment_status":"closed","ping_status":"open","sticky":false,"template":"","format":"standard","meta":[],"categories":[2],"tags":[],"_links":{"self":[{"href":"http:\/\/www.parafiakuligow.pl\/index.php\/wp-json\/wp\/v2\/posts\/303"}],"collection":[{"href":"http:\/\/www.parafiakuligow.pl\/index.php\/wp-json\/wp\/v2\/posts"}],"about":[{"href":"http:\/\/www.parafiakuligow.pl\/index.php\/wp-json\/wp\/v2\/types\/post"}],"author":[{"embeddable":true,"href":"http:\/\/www.parafiakuligow.pl\/index.php\/wp-json\/wp\/v2\/users\/1"}],"replies":[{"embeddable":true,"href":"http:\/\/www.parafiakuligow.pl\/index.php\/wp-json\/wp\/v2\/comments?post=303"}],"version-history":[{"count":2,"href":"http:\/\/www.parafiakuligow.pl\/index.php\/wp-json\/wp\/v2\/posts\/303\/revisions"}],"predecessor-version":[{"id":305,"href":"http:\/\/www.parafiakuligow.pl\/index.php\/wp-json\/wp\/v2\/posts\/303\/revisions\/305"}],"wp:attachment":[{"href":"http:\/\/www.parafiakuligow.pl\/index.php\/wp-json\/wp\/v2\/media?parent=303"}],"wp:term":[{"taxonomy":"category","embeddable":true,"href":"http:\/\/www.parafiakuligow.pl\/index.php\/wp-json\/wp\/v2\/categories?post=303"},{"taxonomy":"post_tag","embeddable":true,"href":"http:\/\/www.parafiakuligow.pl\/index.php\/wp-json\/wp\/v2\/tags?post=303"}],"curies":[{"name":"wp","href":"https:\/\/api.w.org\/{rel}","templated":true}]}}