{"id":3017,"date":"2025-06-15T00:52:00","date_gmt":"2025-06-14T22:52:00","guid":{"rendered":"https:\/\/www.parafiakuligow.pl\/?p=3017"},"modified":"2025-06-14T20:54:32","modified_gmt":"2025-06-14T18:54:32","slug":"15-czerwiec-2025-uroczystosc-najswietszej-trojcy","status":"publish","type":"post","link":"http:\/\/www.parafiakuligow.pl\/index.php\/2025\/06\/15\/15-czerwiec-2025-uroczystosc-najswietszej-trojcy\/","title":{"rendered":"15 czerwiec 2025 &#8211;  Uroczysto\u015b\u0107 Naj\u015bwi\u0119tszej Tr\u00f3jcy."},"content":{"rendered":"\n<ol type=\"1\"><li>W tym tygodniu w czwartek 19 czerwca prze\u017cywamy Uroczysto\u015b\u0107 Naj\u015bwi\u0119tszego Cia\u0142a i Krwi Chrystusa. Msze \u015bw. o godz. 9.00 i 12.00. Procesja Eucharystyczna do czterech o\u0142tarzy po Mszy \u015bw. o godz. 9.00. Prosz\u0119 poszczeg\u00f3lne zespo\u0142y o przygotowanie o\u0142tarzy. Prosz\u0119 zespo\u0142y parafialne o pomoc w organizacji procesji: K\u00f3\u0142ka R\u00f3\u017ca\u0144cowe, Ministrant\u00f3w, OSP z Kuligowa, rodzic\u00f3w z dzie\u0107mi komunijnymi i rocznicowymi w strojach komunijnych zapraszamy do sypania kwiat\u00f3w. Zapraszamy m\u0142odzie\u017c, dzieci, wszystkie rodziny i wszystkich kt\u00f3rzy chc\u0105 uwielbi\u0107 Pana Boga obecnego w Tajemnicy Eucharystii.<\/li><li>W dzisiejsz\u0105 niedziel\u0119 zbierane s\u0105 ofiary dla diecezji w Sierra Leone.<\/li><li>Zapraszamy do nabywania i czytania tygodnika \u201eIdziemy\u201d.<\/li><li>\u017bycz\u0105c wszystkim radosnego dobrego odpoczynku zapraszamy do modlitwy w naszej Pi\u0119knej \u015awi\u0105tyni.<\/li><\/ol>\n\n\n\n<p><strong>Intencje Mszalne<\/strong><\/p>\n\n\n\n<figure class=\"wp-block-table\"><table><tbody><tr><td><strong>Data<\/strong><\/td><td><strong>dzie\u0144<\/strong><\/td><td><strong>Godzina<\/strong><\/td><td><strong>Intencja<\/strong><\/td><\/tr><tr><td><strong>15.06<\/strong><\/td><td><strong>Niedziela<\/strong><\/td><td>9.00<\/td><td>+ Regin\u0119, Czes\u0142awa, Jana Rafalak<\/td><\/tr><tr><td><strong>&nbsp;<\/strong><\/td><td><strong>&nbsp;<\/strong><\/td><td>11.00<\/td><td>+ Aniel\u0119 Py\u015bkiewicz<\/td><\/tr><tr><td>&nbsp;<\/td><td>&nbsp;<\/td><td>13.00<\/td><td>+ Jadwig\u0119 Rokick\u0105<\/td><\/tr><tr><td>16.06<\/td><td>Poniedzia\u0142ek<\/td><td>19.00<\/td><td>O zdrowie dla Sylwii<\/td><\/tr><tr><td>17.06<\/td><td>Wtorek<\/td><td>7.00<\/td><td>O powr\u00f3t do zdrowia, Bo\u017ce B\u0142ogos\u0142awie\u0144stwo i Dary Ducha \u015bw. dla Dominika<\/td><\/tr><tr><td>18.06<\/td><td>\u015aroda<strong><\/strong><\/td><td>19.00<\/td><td>+ Zofi\u0119 Suchenek<\/td><\/tr><tr><td><strong>19.06<\/strong><\/td><td><strong>Czwartek<\/strong><\/td><td>9.00<\/td><td>W int. Miko\u0142aja w 1 r. urodzin<\/td><\/tr><tr><td>&nbsp;<\/td><td>&nbsp;<\/td><td>12.00<\/td><td>za parafian<\/td><\/tr><tr><td>20.06<\/td><td>Pi\u0105tek<\/td><td>19.00<\/td><td>+ \u015bp. m\u0119\u017ca Jana Tymi\u0144skiego w 19 r \u015bmierci, brata Tadeusza, rodzic\u00f3w, dziadk\u00f3w Mianowskich, te\u015bci\u00f3w Tymi\u0144skich<\/td><\/tr><tr><td>21.06<\/td><td>Sobota<\/td><td>19.00<\/td><td>zam\u00f3wiona Cezary Kuligowski<\/td><\/tr><tr><td><strong>22.06<\/strong><\/td><td><strong>Niedziela<\/strong><\/td><td>9.00<\/td><td>+ Teres\u0119 Krysik<\/td><\/tr><tr><td>&nbsp;<\/td><td>&nbsp;<\/td><td>11.00<\/td><td>+ Janina i Wiktor Bystrek, Irena i Jan Daszewscy<\/td><\/tr><tr><td>&nbsp;<\/td><td>&nbsp;<\/td><td>13.00<\/td><td>+ Eugeniusza i Jadwig\u0119 So\u0142owiej<\/td><\/tr><\/tbody><\/table><\/figure>\n","protected":false},"excerpt":{"rendered":"<p>W tym tygodniu w czwartek 19 czerwca prze\u017cywamy Uroczysto\u015b\u0107 Naj\u015bwi\u0119tszego Cia\u0142a i Krwi Chrystusa. Msze \u015bw. o godz. 9.00 i 12.00. Procesja Eucharystyczna do czterech o\u0142tarzy po Mszy \u015bw. o godz. 9.00. Prosz\u0119 poszczeg\u00f3lne zespo\u0142y o przygotowanie o\u0142tarzy. Prosz\u0119 zespo\u0142y parafialne o pomoc w organizacji procesji: K\u00f3\u0142ka R\u00f3\u017ca\u0144cowe, Ministrant\u00f3w, OSP [&hellip;]<\/p>\n","protected":false},"author":2,"featured_media":0,"comment_status":"closed","ping_status":"closed","sticky":false,"template":"","format":"standard","meta":[],"categories":[2],"tags":[],"_links":{"self":[{"href":"http:\/\/www.parafiakuligow.pl\/index.php\/wp-json\/wp\/v2\/posts\/3017"}],"collection":[{"href":"http:\/\/www.parafiakuligow.pl\/index.php\/wp-json\/wp\/v2\/posts"}],"about":[{"href":"http:\/\/www.parafiakuligow.pl\/index.php\/wp-json\/wp\/v2\/types\/post"}],"author":[{"embeddable":true,"href":"http:\/\/www.parafiakuligow.pl\/index.php\/wp-json\/wp\/v2\/users\/2"}],"replies":[{"embeddable":true,"href":"http:\/\/www.parafiakuligow.pl\/index.php\/wp-json\/wp\/v2\/comments?post=3017"}],"version-history":[{"count":3,"href":"http:\/\/www.parafiakuligow.pl\/index.php\/wp-json\/wp\/v2\/posts\/3017\/revisions"}],"predecessor-version":[{"id":3020,"href":"http:\/\/www.parafiakuligow.pl\/index.php\/wp-json\/wp\/v2\/posts\/3017\/revisions\/3020"}],"wp:attachment":[{"href":"http:\/\/www.parafiakuligow.pl\/index.php\/wp-json\/wp\/v2\/media?parent=3017"}],"wp:term":[{"taxonomy":"category","embeddable":true,"href":"http:\/\/www.parafiakuligow.pl\/index.php\/wp-json\/wp\/v2\/categories?post=3017"},{"taxonomy":"post_tag","embeddable":true,"href":"http:\/\/www.parafiakuligow.pl\/index.php\/wp-json\/wp\/v2\/tags?post=3017"}],"curies":[{"name":"wp","href":"https:\/\/api.w.org\/{rel}","templated":true}]}}