{"id":299,"date":"2016-01-31T01:01:09","date_gmt":"2016-01-31T00:01:09","guid":{"rendered":"http:\/\/www.parafiakuligow.pl\/?p=299"},"modified":"2016-01-31T01:03:44","modified_gmt":"2016-01-31T00:03:44","slug":"31-styczen-2016-r-iv-niedziela-zwykla","status":"publish","type":"post","link":"http:\/\/www.parafiakuligow.pl\/index.php\/2016\/01\/31\/31-styczen-2016-r-iv-niedziela-zwykla\/","title":{"rendered":"31 stycze\u0144 2016 r.  IV niedziela zwyk\u0142a"},"content":{"rendered":"<ol>\n<li>Rozpoczynaj\u0105 si\u0119 ferie w szko\u0142ach. Wszystkim uczennicom, uczniom i nauczycielom \u017cyczymy udanego odpoczynku.<\/li>\n<li>Od 29 stycznia w polskich kinach mo\u017cna ogl\u0105da\u0107 film pt. <em> Cud w Lourdes. <\/em>To wyj\u0105tkowa produkcja o objawieniach maryjnych, kt\u00f3re odmieni\u0142y \u017cycie tysi\u0119cy ludzi. Tw\u00f3rcy pozostali wierni realiom historycznym. Film nagrodzono na Festiwalu Film\u00f3w Religijnych w Rzymie. Lista kin kt\u00f3re wy\u015bwietlaj\u0105 film jest dost\u0119pna na stronie www.bernardetta-film.pl<\/li>\n<li>We wtorek 2 lutego \u015awi\u0119to Ofiarowania Pa\u0144skiego czyli Matki Bo\u017cej Gromnicznej. Msza \u015bw. o godz. 18.00. Przynosimy ze sob\u0105 \u015bwiece. Jest to tak\u017ce Dzie\u0144 \u017cycia konsekrowanego. Ofiary sk\u0142adane na tac\u0119 przeznaczamy na zakony klauzurowe.<\/li>\n<li>W \u015brod\u0119 o godz. 18.00 Msza \u015bw. za zmar\u0142ych poleconych w wypominkach.<\/li>\n<\/ol>\n<ol start=\"5\">\n<li>W tym tygodniu b\u0119dziemy rozbiera\u0107 choinki w ko\u015bciele. Gdyby kto\u015b chcia\u0142 wykorzysta\u0107 je na opa\u0142 prosz\u0119 o tak\u0105 informacj\u0119.<\/li>\n<\/ol>\n<ol start=\"6\">\n<li>W najbli\u017cszy pi\u0105tek 5 lutego przypada I pi\u0105tek miesi\u0105ca. Msza \u015bw. o Naj\u015bwi\u0119tszym Sercu Pana Jezusa o godz. 18.00. Spowied\u017a od godz. 17.30.<\/li>\n<\/ol>\n<ol start=\"7\">\n<li>W przysz\u0142\u0105 niedziel\u0119 z racji I niedzieli miesi\u0105ca po Mszy \u015bw. o godz. 11.00 wystawienie Naj\u015bwi\u0119tszego Sakramentu i adoracja eucharystyczna.<\/li>\n<\/ol>\n<ol start=\"8\">\n<li>W tym tygodniu wypada te\u017c t\u0142usty czwartek i ostatnia sobota karnawa\u0142u. To dobra okazja do sprawienia sobie i swoim bliskim drobnych rado\u015bci.<\/li>\n<\/ol>\n<p>Intencje mszalne:<\/p>\n<p>ndz\u00a0\u00a0\u00a0 31. I \u00a0\u00a0\u00a0IV niedziela\u00a0 zwyk\u0142a<br \/>\ng. 9.00 O Bo\u017ce b\u0142ogos\u0142awie\u0144stwo i potrzebne \u0142aski dla Tomasza Paszkowskiego z racji urodzin oraz jego \u017cony Agnieszki<br \/>\ng. 11.00 \u00a0+ Julianny i Kazimierza D\u0105browskich, Stefana i Teresy Dygnos<\/p>\n<p>pn\u00a0\u00a0\u00a0\u00a0 \u00a01.\u00a0 II\u00a0 \u00a0\u00a0g. 18.00 \u00a0\u00a0+ Janiny Wi\u015bniewskiej \u2013 gregoria\u0144ska 1<\/p>\n<p>wt\u00a0\u00a0\u00a0\u00a0\u00a0 2.\u00a0 II\u00a0\u00a0\u00a0\u00a0 \u015awi\u0119to Ofiarowania Pa\u0144skiego\u00a0 \u00a0\/ Matki Bo\u017cej Gromnicznej \/ \u00a0 \u00a0 \u00a0 \u00a0 \u00a0 \u00a0 \u00a0 \u00a0 \u00a0 \u00a0 \u00a0 \u00a0 \u00a0 \u00a0 \u00a0 \u00a0 \u00a0 \u00a0 \u00a0 \u00a0 \u00a0 \u00a0 \u00a0 \u00a0 \u00a0 \u00a0 \u00a0 \u00a0 \u00a0 \u00a0 \u00a0 \u00a0 \u00a0 \u00a0 \u00a0 \u00a0 \u00a0 \u00a0 \u00a0 \u00a0 \u00a0 \u00a0 \u00a0 \u00a0 \u00a0 \u00a0 \u00a0 \u00a0 \u00a0 \u00a0 \u00a0 \u00a0 \u00a0 \u00a0 \u00a0 \u00a0 \u00a0 \u00a0 \u00a0 \u00a0 \u00a0 \u00a0 \u00a0 \u00a0 \u00a0 \u00a0 \u00a0 \u00a0 \u00a0 \u00a0 \u00a0 \u00a0 \u00a0 \u00a0 \u00a0 \u00a0 \u00a0 \u00a0 \u00a0 \u00a0 \u00a0 \u00a0 \u00a0 \u00a0 \u00a0 \u00a0 \u00a0 \u00a0 \u00a0 \u00a0 \u00a0 \u00a0g. 18.00 \u00a0\u00a0+ Janiny Wi\u015bniewskiej \u2013 gregoria\u0144ska 2<\/p>\n<p>\u015br\u00a0\u00a0\u00a0\u00a0\u00a0 \u00a03.\u00a0 II \u00a0 \u00a0g. 18.00\u00a0 \u00a0Za zmar\u0142ych poleconych w\u00a0 wypominkach oraz + Janiny Wi\u015bniewskiej \u2013 gregoria\u0144ska 3<\/p>\n<p>czw\u00a0 \u00a0\u00a04. II\u00a0 \u00a0\u00a0\u00a0g. 7.00 \u00a0+ Janiny Wi\u015bniewskiej \u2013 gregoria\u0144ska 4<\/p>\n<p>pt\u00a0\u00a0\u00a0\u00a0\u00a0\u00a0 5. II \u00a0\u00a0\u00a0\u00a0g. 17.00 \u00a0+ Janiny Wi\u015bniewskiej \u2013 gregoria\u0144ska 5<br \/>\ng. 18.00\u00a0 + Czes\u0142awa Pyszkiewicza w 6 r. \u015bm.<\/p>\n<p>sob\u00a0\u00a0 \u00a0\u00a06. II \u00a0 g. 17.00 \u00a0+ Janiny Wi\u015bniewskiej \u2013 gregoria\u0144ska 6<br \/>\ng. 18.00\u00a0 + Stanis\u0142awa Bryla w 30 dni po \u015bm.<\/p>\n<p>ndz \u00a0\u00a0\u00a0\u00a07. II \u00a0 \u00a0\u00a0\u00a0\u00a0V\u00a0 niedziela\u00a0 zwyk\u0142a<br \/>\ng. 9.00 \u00a0 + Janiny Wi\u015bniewskiej \u2013 gregoria\u0144ska<br \/>\ng.11.00 \u00a0+ Haliny Augustyniak w 11 r. \u015bm., Anny i Aleksandra Augustyniak, dziadk\u00f3w Kulesz\u00f3w<\/p>\n","protected":false},"excerpt":{"rendered":"<p>Rozpoczynaj\u0105 si\u0119 ferie w szko\u0142ach. Wszystkim uczennicom, uczniom i nauczycielom \u017cyczymy udanego odpoczynku. Od 29 stycznia w polskich kinach mo\u017cna ogl\u0105da\u0107 film pt. Cud w Lourdes. To wyj\u0105tkowa produkcja o objawieniach maryjnych, kt\u00f3re odmieni\u0142y \u017cycie tysi\u0119cy ludzi. Tw\u00f3rcy pozostali wierni realiom historycznym. Film nagrodzono na Festiwalu Film\u00f3w Religijnych w Rzymie. [&hellip;]<\/p>\n","protected":false},"author":1,"featured_media":0,"comment_status":"closed","ping_status":"open","sticky":false,"template":"","format":"standard","meta":[],"categories":[2],"tags":[],"_links":{"self":[{"href":"http:\/\/www.parafiakuligow.pl\/index.php\/wp-json\/wp\/v2\/posts\/299"}],"collection":[{"href":"http:\/\/www.parafiakuligow.pl\/index.php\/wp-json\/wp\/v2\/posts"}],"about":[{"href":"http:\/\/www.parafiakuligow.pl\/index.php\/wp-json\/wp\/v2\/types\/post"}],"author":[{"embeddable":true,"href":"http:\/\/www.parafiakuligow.pl\/index.php\/wp-json\/wp\/v2\/users\/1"}],"replies":[{"embeddable":true,"href":"http:\/\/www.parafiakuligow.pl\/index.php\/wp-json\/wp\/v2\/comments?post=299"}],"version-history":[{"count":3,"href":"http:\/\/www.parafiakuligow.pl\/index.php\/wp-json\/wp\/v2\/posts\/299\/revisions"}],"predecessor-version":[{"id":302,"href":"http:\/\/www.parafiakuligow.pl\/index.php\/wp-json\/wp\/v2\/posts\/299\/revisions\/302"}],"wp:attachment":[{"href":"http:\/\/www.parafiakuligow.pl\/index.php\/wp-json\/wp\/v2\/media?parent=299"}],"wp:term":[{"taxonomy":"category","embeddable":true,"href":"http:\/\/www.parafiakuligow.pl\/index.php\/wp-json\/wp\/v2\/categories?post=299"},{"taxonomy":"post_tag","embeddable":true,"href":"http:\/\/www.parafiakuligow.pl\/index.php\/wp-json\/wp\/v2\/tags?post=299"}],"curies":[{"name":"wp","href":"https:\/\/api.w.org\/{rel}","templated":true}]}}