{"id":2983,"date":"2025-05-11T00:43:00","date_gmt":"2025-05-10T22:43:00","guid":{"rendered":"https:\/\/www.parafiakuligow.pl\/?p=2983"},"modified":"2025-05-10T14:44:44","modified_gmt":"2025-05-10T12:44:44","slug":"11-maj","status":"publish","type":"post","link":"http:\/\/www.parafiakuligow.pl\/index.php\/2025\/05\/11\/11-maj\/","title":{"rendered":"11 maj 2025"},"content":{"rendered":"\n<ol type=\"1\"><li>W przysz\u0142\u0105 niedziel\u0119 18 maja w naszej parafii na Mszy \u015bw. o godz. 11.00 uroczysto\u015b\u0107 pierwszej komunii \u015bw.<\/li><li>W tym tygodniu we wtorek i w \u015brod\u0119 o godz. 18.00 pr\u00f3by przed uroczysto\u015bci\u0105 pierwszokomunijn\u0105. W sobot\u0119 spowied\u017a o godz. 10.00 dla dzieci i rodzic\u00f3w. &nbsp;<\/li><li>Zapraszamy na nabo\u017ce\u0144stwa majowe.<\/li><li>\u017bycz\u0105c wszystkim radosnego dobrego odpoczynku zapraszamy do modlitwy w naszej Pi\u0119knej \u015awi\u0105tyni w Pi\u0119knym Maryjnym miesi\u0105cu.<\/li><\/ol>\n\n\n\n<p><strong>Intencje Mszalne<\/strong><\/p>\n\n\n\n<figure class=\"wp-block-table\"><table><tbody><tr><td><strong>Data<\/strong><\/td><td><strong>dzie\u0144<\/strong><\/td><td><strong>Godzina<\/strong><\/td><td><strong>Intencja<\/strong><\/td><\/tr><tr><td><strong>11.05<\/strong><\/td><td><strong>Niedziela<\/strong><\/td><td>9.00<\/td><td>+ Stanis\u0142aw Krysik<\/td><\/tr><tr><td>&nbsp;<\/td><td>&nbsp;<\/td><td>11.00<\/td><td>+ Weroniki i Franciszka Czarnowskich<\/td><\/tr><tr><td>12.05<\/td><td>Poniedzia\u0142ek<\/td><td>18.00<\/td><td>&nbsp;<\/td><\/tr><tr><td>13.05<\/td><td>Wtorek<\/td><td>7.00<\/td><td>za parafian<\/td><\/tr><tr><td>14.05<\/td><td>\u015aroda<strong><\/strong><\/td><td>18.00<\/td><td>&nbsp;<\/td><\/tr><tr><td>15.05<\/td><td>Czwartek<\/td><td>7.00<\/td><td>&nbsp;<\/td><\/tr><tr><td>16.05<\/td><td>Pi\u0105tek<\/td><td>18.00<\/td><td>Zam\u00f3wiona p. Marianna M\u0142oduchowska<\/td><\/tr><tr><td>17.05<\/td><td>Sobota<\/td><td>18.00<\/td><td>+ J\u00f3zefa Jaworska<\/td><\/tr><tr><td><strong>18.05<\/strong><\/td><td><strong>Niedziela<\/strong><\/td><td>9.00<\/td><td>+ Henryka i Leokadi\u0119 Ole\u015bkiewicz<\/td><\/tr><tr><td>&nbsp;<\/td><td>&nbsp;<\/td><td>11.00<\/td><td>Pierwsza komunia \u015bw.<\/td><\/tr><\/tbody><\/table><\/figure>\n","protected":false},"excerpt":{"rendered":"<p>W przysz\u0142\u0105 niedziel\u0119 18 maja w naszej parafii na Mszy \u015bw. o godz. 11.00 uroczysto\u015b\u0107 pierwszej komunii \u015bw. W tym tygodniu we wtorek i w \u015brod\u0119 o godz. 18.00 pr\u00f3by przed uroczysto\u015bci\u0105 pierwszokomunijn\u0105. W sobot\u0119 spowied\u017a o godz. 10.00 dla dzieci i rodzic\u00f3w. &nbsp; Zapraszamy na nabo\u017ce\u0144stwa majowe. \u017bycz\u0105c wszystkim [&hellip;]<\/p>\n","protected":false},"author":2,"featured_media":0,"comment_status":"closed","ping_status":"closed","sticky":false,"template":"","format":"standard","meta":[],"categories":[2],"tags":[],"_links":{"self":[{"href":"http:\/\/www.parafiakuligow.pl\/index.php\/wp-json\/wp\/v2\/posts\/2983"}],"collection":[{"href":"http:\/\/www.parafiakuligow.pl\/index.php\/wp-json\/wp\/v2\/posts"}],"about":[{"href":"http:\/\/www.parafiakuligow.pl\/index.php\/wp-json\/wp\/v2\/types\/post"}],"author":[{"embeddable":true,"href":"http:\/\/www.parafiakuligow.pl\/index.php\/wp-json\/wp\/v2\/users\/2"}],"replies":[{"embeddable":true,"href":"http:\/\/www.parafiakuligow.pl\/index.php\/wp-json\/wp\/v2\/comments?post=2983"}],"version-history":[{"count":3,"href":"http:\/\/www.parafiakuligow.pl\/index.php\/wp-json\/wp\/v2\/posts\/2983\/revisions"}],"predecessor-version":[{"id":2987,"href":"http:\/\/www.parafiakuligow.pl\/index.php\/wp-json\/wp\/v2\/posts\/2983\/revisions\/2987"}],"wp:attachment":[{"href":"http:\/\/www.parafiakuligow.pl\/index.php\/wp-json\/wp\/v2\/media?parent=2983"}],"wp:term":[{"taxonomy":"category","embeddable":true,"href":"http:\/\/www.parafiakuligow.pl\/index.php\/wp-json\/wp\/v2\/categories?post=2983"},{"taxonomy":"post_tag","embeddable":true,"href":"http:\/\/www.parafiakuligow.pl\/index.php\/wp-json\/wp\/v2\/tags?post=2983"}],"curies":[{"name":"wp","href":"https:\/\/api.w.org\/{rel}","templated":true}]}}