{"id":2971,"date":"2025-04-27T00:35:00","date_gmt":"2025-04-26T22:35:00","guid":{"rendered":"https:\/\/www.parafiakuligow.pl\/?p=2971"},"modified":"2025-04-26T23:36:25","modified_gmt":"2025-04-26T21:36:25","slug":"27-kwiecien-2025","status":"publish","type":"post","link":"http:\/\/www.parafiakuligow.pl\/index.php\/2025\/04\/27\/27-kwiecien-2025\/","title":{"rendered":"27 kwiecie\u0144 2025"},"content":{"rendered":"\n<ol type=\"1\"><li>W dzisiejsz\u0105 niedziel\u0119 na Mszy \u015bw. o godz. 11.00 i po Mszy \u015bw. spotkanie dla rodzic\u00f3w i dzieci przygotowuj\u0105cych si\u0119 do pierwszej komunii \u015bw.<\/li><li>Zapraszamy w miesi\u0105cu maju na nabo\u017ce\u0144stwa majowe, kt\u00f3re odprawiane b\u0119d\u0105 w dni powszednie wieczorem przed Msz\u0105 \u015bw. o godz. 17.30, rano we wtorki i czwartki po Mszy \u015bw. o godz. 7.00. W niedziele i Uroczysto\u015bci po Mszy \u015bw. o godz. 11.00.<\/li><li>W tym tygodniu w pi\u0105tek 2.05.2025 przypada pierwszy pi\u0105tek miesi\u0105ca, spowied\u017a od godz. 17.00, nabo\u017ce\u0144stwo majowe o godz. 17.30, o godz. 18.00 Msza \u015bw.<\/li><li>W sobot\u0119 3.05.2025 Uroczysto\u015b\u0107 NMP. Kr\u00f3lowej Polski. Msze \u015bw. o godz. 9.00, 11.00 i 13.00.<\/li><li>\u017bycz\u0105c wszystkim radosnego dobrego odpoczynku zapraszamy do modlitwy w naszej Pi\u0119knej \u015awi\u0105tyni w maju Pi\u0119knym Maryjnym miesi\u0105cu.<\/li><\/ol>\n\n\n\n<p><strong>Intencje Mszalne<\/strong><\/p>\n\n\n\n<figure class=\"wp-block-table\"><table><tbody><tr><td><strong>Data<\/strong><\/td><td><strong>dzie\u0144<\/strong><\/td><td><strong>Godzina<\/strong><\/td><td><strong>Intencja<\/strong><\/td><\/tr><tr><td><strong>27.04<\/strong><\/td><td><strong>Niedziela<\/strong><\/td><td>9.00<\/td><td>+ Leokadia i Feliks Czarnowscy<\/td><\/tr><tr><td>&nbsp;<\/td><td>&nbsp;<\/td><td>11.00<\/td><td>+ Karasiewicz Andrzej + Czes\u0142aw Karasiewicz<\/td><\/tr><tr><td>28.04<\/td><td>Poniedzia\u0142ek<\/td><td>18.00<\/td><td>&nbsp;<\/td><\/tr><tr><td>29.04<\/td><td>Wtorek<\/td><td>7.00<\/td><td>za parafian<\/td><\/tr><tr><td>30.04<strong><\/strong><\/td><td>\u015aroda<strong><\/strong><\/td><td>18.00<\/td><td>&nbsp;<\/td><\/tr><tr><td>01.05<\/td><td>Czwartek<\/td><td>7.00<\/td><td>+ Edward Karasiewicz<\/td><\/tr><tr><td>02.05<\/td><td>Pi\u0105tek<\/td><td>18.00<\/td><td>zam\u00f3wiona p. Gajdek<\/td><\/tr><tr><td><strong>03.05<\/strong><\/td><td><strong>Sobota<\/strong><\/td><td>9.00<\/td><td>+ Feliks, Marianna i W\u0142odzimierz Piwowarscy<br>+Zofia Za\u0142\u0119ska<\/td><\/tr><tr><td><strong>&nbsp;<\/strong><\/td><td><strong>&nbsp;<\/strong><\/td><td>11.00<\/td><td>zam\u00f3wiona p. Katarzyna Karasiewicz<\/td><\/tr><tr><td><strong>&nbsp;<\/strong><\/td><td><strong>&nbsp;<\/strong><\/td><td>13.00<\/td><td>+ Iren\u0119 i Aleksandra Bogdan<\/td><\/tr><tr><td><strong>04.05<\/strong><\/td><td><strong>Niedziela<\/strong><\/td><td>9.00<\/td><td>+Teresa Jusi\u0144ska<\/td><\/tr><tr><td>&nbsp;<\/td><td>&nbsp;<\/td><td>11.00<\/td><td>+ Stanis\u0142aw\u0119 Wojciechowsk\u0105<\/td><\/tr><\/tbody><\/table><\/figure>\n","protected":false},"excerpt":{"rendered":"<p>W dzisiejsz\u0105 niedziel\u0119 na Mszy \u015bw. o godz. 11.00 i po Mszy \u015bw. spotkanie dla rodzic\u00f3w i dzieci przygotowuj\u0105cych si\u0119 do pierwszej komunii \u015bw. Zapraszamy w miesi\u0105cu maju na nabo\u017ce\u0144stwa majowe, kt\u00f3re odprawiane b\u0119d\u0105 w dni powszednie wieczorem przed Msz\u0105 \u015bw. o godz. 17.30, rano we wtorki i czwartki po [&hellip;]<\/p>\n","protected":false},"author":2,"featured_media":0,"comment_status":"closed","ping_status":"closed","sticky":false,"template":"","format":"standard","meta":[],"categories":[2],"tags":[],"_links":{"self":[{"href":"http:\/\/www.parafiakuligow.pl\/index.php\/wp-json\/wp\/v2\/posts\/2971"}],"collection":[{"href":"http:\/\/www.parafiakuligow.pl\/index.php\/wp-json\/wp\/v2\/posts"}],"about":[{"href":"http:\/\/www.parafiakuligow.pl\/index.php\/wp-json\/wp\/v2\/types\/post"}],"author":[{"embeddable":true,"href":"http:\/\/www.parafiakuligow.pl\/index.php\/wp-json\/wp\/v2\/users\/2"}],"replies":[{"embeddable":true,"href":"http:\/\/www.parafiakuligow.pl\/index.php\/wp-json\/wp\/v2\/comments?post=2971"}],"version-history":[{"count":2,"href":"http:\/\/www.parafiakuligow.pl\/index.php\/wp-json\/wp\/v2\/posts\/2971\/revisions"}],"predecessor-version":[{"id":2974,"href":"http:\/\/www.parafiakuligow.pl\/index.php\/wp-json\/wp\/v2\/posts\/2971\/revisions\/2974"}],"wp:attachment":[{"href":"http:\/\/www.parafiakuligow.pl\/index.php\/wp-json\/wp\/v2\/media?parent=2971"}],"wp:term":[{"taxonomy":"category","embeddable":true,"href":"http:\/\/www.parafiakuligow.pl\/index.php\/wp-json\/wp\/v2\/categories?post=2971"},{"taxonomy":"post_tag","embeddable":true,"href":"http:\/\/www.parafiakuligow.pl\/index.php\/wp-json\/wp\/v2\/tags?post=2971"}],"curies":[{"name":"wp","href":"https:\/\/api.w.org\/{rel}","templated":true}]}}