{"id":2914,"date":"2025-03-16T00:30:00","date_gmt":"2025-03-15T23:30:00","guid":{"rendered":"https:\/\/www.parafiakuligow.pl\/?p=2914"},"modified":"2025-03-15T21:31:37","modified_gmt":"2025-03-15T20:31:37","slug":"16-marca-2025","status":"publish","type":"post","link":"http:\/\/www.parafiakuligow.pl\/index.php\/2025\/03\/16\/16-marca-2025\/","title":{"rendered":"16 marca 2025"},"content":{"rendered":"\n<ol type=\"1\"><li>W tym tygodniu prze\u017cywamy:<br>&#8211; w \u015brod\u0119 19 marca \u2013 Uroczysto\u015b\u0107 \u015bw. J\u00f3zefa Oblubie\u0144ca NMP. Msza \u015bw. o godz. 18.00<br>&#8211; w sobot\u0119 22 marca i w niedziel\u0119 23 marca \u2013 <strong>Rekolekcje Parafialne<\/strong><br>&#8211; sobota 22 marca \u2013 dzie\u0144 spowiedzi. Msze \u015bw. o godz. 10.00 i 18.00<br>&#8211; niedziela 23 marca \u2013 nauki rekolekcyjne, Msze \u015bw. godz. 9.00 i 11.00<br>Rekolekcje poprowadzi Ks. Marek Widzyk Salezjanin z Katolickiej Szko\u0142y Salezja\u0144skiej w Mi\u0144sku Mazowieckim. Zapraszamy, skorzystajmy z szansy.<\/li><li>W pi\u0105tek Droga Krzy\u017cowa o godz. 17.30<\/li><li>Zach\u0119camy do nabywania i czytania tygodnika \u201eIdziemy\u201d.<\/li><li>Niech ten czas Wielkiego Postu b\u0119dzie dla nas czasem wyciszenia, modlitwy i dzie\u0142 pokutnych. Nie zmarnujmy szansy!<\/li><li>W poniedzia\u0142ek 17 marca Msza \u015bw. o godz. 7.00 z powodu spowiedzi rekolekcyjnej w J\u00f3zefowie.<\/li><\/ol>\n\n\n\n<h4><strong>Intencje Mszalne<\/strong><\/h4>\n\n\n\n<figure class=\"wp-block-table\"><table><tbody><tr><td><strong>Data<\/strong><\/td><td><strong>dzie\u0144<\/strong><\/td><td><strong>Godzina<\/strong><\/td><td><strong>Intencja<\/strong><\/td><\/tr><tr><td><strong>16.03<\/strong><\/td><td><strong>Niedziela<\/strong><\/td><td>9.00<\/td><td>+ El\u017cbieta Powier\u017ca<\/td><\/tr><tr><td>&nbsp;<\/td><td>&nbsp;<\/td><td>11.00<\/td><td>&nbsp;+ Jerzego i Jadwig\u0119 Mianowsk\u0105 + Mariann\u0119 i Stanis\u0142awa<\/td><\/tr><tr><td>17.03<\/td><td>Poniedzia\u0142ek<\/td><td>7.00<\/td><td>&nbsp;<\/td><\/tr><tr><td>18.03<\/td><td>Wtorek<\/td><td>7.00<\/td><td>&nbsp;<\/td><\/tr><tr><td>19.03<strong><\/strong><\/td><td>\u015aroda<strong><\/strong><\/td><td>18.00<\/td><td>+ J\u00f3zefa Jaworska<\/td><\/tr><tr><td>20.03<\/td><td>Czwartek<\/td><td>7.00<\/td><td>za parafian<\/td><\/tr><tr><td>21.03<\/td><td>Pi\u0105tek<\/td><td>18.00<\/td><td>+ Teresa Pawelec<\/td><\/tr><tr><td>22.03<\/td><td>Sobota<\/td><td>10.00<\/td><td>+ W\u0142adys\u0142awa Ga\u0142eckiego 45 r \u015bm.<\/td><\/tr><tr><td>18.00<\/td><td>+ \u015bp. Marianna M\u0142oduchowska<\/td><\/tr><tr><td><strong>23.03<\/strong><\/td><td><strong>Niedziela<\/strong><\/td><td>9.00<\/td><td>+ Tadeusza i Paw\u0142a Kryszkiewicz 5 r \u015bm.<\/td><\/tr><tr><td>&nbsp;<\/td><td>&nbsp;<\/td><td>11.00<\/td><td>+ Wincenty i Helena Gawlik<\/td><\/tr><\/tbody><\/table><\/figure>\n","protected":false},"excerpt":{"rendered":"<p>W tym tygodniu prze\u017cywamy:&#8211; w \u015brod\u0119 19 marca \u2013 Uroczysto\u015b\u0107 \u015bw. J\u00f3zefa Oblubie\u0144ca NMP. Msza \u015bw. o godz. 18.00&#8211; w sobot\u0119 22 marca i w niedziel\u0119 23 marca \u2013 Rekolekcje Parafialne&#8211; sobota 22 marca \u2013 dzie\u0144 spowiedzi. Msze \u015bw. o godz. 10.00 i 18.00&#8211; niedziela 23 marca \u2013 nauki rekolekcyjne, [&hellip;]<\/p>\n","protected":false},"author":2,"featured_media":0,"comment_status":"closed","ping_status":"closed","sticky":false,"template":"","format":"standard","meta":[],"categories":[2],"tags":[],"_links":{"self":[{"href":"http:\/\/www.parafiakuligow.pl\/index.php\/wp-json\/wp\/v2\/posts\/2914"}],"collection":[{"href":"http:\/\/www.parafiakuligow.pl\/index.php\/wp-json\/wp\/v2\/posts"}],"about":[{"href":"http:\/\/www.parafiakuligow.pl\/index.php\/wp-json\/wp\/v2\/types\/post"}],"author":[{"embeddable":true,"href":"http:\/\/www.parafiakuligow.pl\/index.php\/wp-json\/wp\/v2\/users\/2"}],"replies":[{"embeddable":true,"href":"http:\/\/www.parafiakuligow.pl\/index.php\/wp-json\/wp\/v2\/comments?post=2914"}],"version-history":[{"count":2,"href":"http:\/\/www.parafiakuligow.pl\/index.php\/wp-json\/wp\/v2\/posts\/2914\/revisions"}],"predecessor-version":[{"id":2916,"href":"http:\/\/www.parafiakuligow.pl\/index.php\/wp-json\/wp\/v2\/posts\/2914\/revisions\/2916"}],"wp:attachment":[{"href":"http:\/\/www.parafiakuligow.pl\/index.php\/wp-json\/wp\/v2\/media?parent=2914"}],"wp:term":[{"taxonomy":"category","embeddable":true,"href":"http:\/\/www.parafiakuligow.pl\/index.php\/wp-json\/wp\/v2\/categories?post=2914"},{"taxonomy":"post_tag","embeddable":true,"href":"http:\/\/www.parafiakuligow.pl\/index.php\/wp-json\/wp\/v2\/tags?post=2914"}],"curies":[{"name":"wp","href":"https:\/\/api.w.org\/{rel}","templated":true}]}}