{"id":2901,"date":"2025-02-23T00:51:00","date_gmt":"2025-02-22T23:51:00","guid":{"rendered":"https:\/\/www.parafiakuligow.pl\/?p=2901"},"modified":"2025-02-22T17:51:47","modified_gmt":"2025-02-22T16:51:47","slug":"23-luty-2025","status":"publish","type":"post","link":"http:\/\/www.parafiakuligow.pl\/index.php\/2025\/02\/23\/23-luty-2025\/","title":{"rendered":"23 luty 2025"},"content":{"rendered":"\n<ol type=\"1\"><li>W dzisiejsz\u0105 niedziel\u0119 23 lutego na Mszy \u015bw. o godz. 11.00 spotkanie dla rodzic\u00f3w i dzieci pierwszokomunijnych.<\/li><li>Na stoliku za pras\u0105 katolick\u0105 znajduje si\u0119 lista na kt\u00f3rej mo\u017cna z\u0142o\u017cy\u0107 podpis popieraj\u0105cy odrzucenie ustawy popieraj\u0105ce proaborcyjne projekty. Lista ma pom\u00f3c Prezydentowi RP zawetowa\u0107 ustaw\u0119 o legalizacji dzieciob\u00f3jstwa.<\/li><li>Zach\u0119camy do nabywania i czytania tygodnika \u201eIdziemy\u201d.<\/li><li>\u017byczymy radosnego dobrego odpoczynku zapraszaj\u0105c do naszej pi\u0119knej \u015bwi\u0105tyni.<\/li><\/ol>\n\n\n\n<h4><strong>Intencje Mszalne<\/strong><\/h4>\n\n\n\n<figure class=\"wp-block-table\"><table><tbody><tr><td><strong>Data<\/strong><\/td><td><strong>dzie\u0144<\/strong><\/td><td><strong>Godzina<\/strong><\/td><td><strong>Intencja<\/strong><\/td><\/tr><tr><td><strong>23.02<\/strong><\/td><td><strong>Niedziela<\/strong><\/td><td>9.00<\/td><td>+Jolant\u0119 i Hieronima Ga\u0142eckich, Helen\u0119, W\u0142adys\u0142awa Klimkiewicz<\/td><\/tr><tr><td>&nbsp;<\/td><td>&nbsp;<\/td><td>11.00<\/td><td>+Tadeusz Mianowski<\/td><\/tr><tr><td>24.02<\/td><td>Poniedzia\u0142ek<\/td><td>18.00<\/td><td>&nbsp;<\/td><\/tr><tr><td>25.02<\/td><td>Wtorek<\/td><td>7.00<\/td><td>za parafian<\/td><\/tr><tr><td>26.02<strong><\/strong><\/td><td>\u015aroda<strong><\/strong><\/td><td>18.00<\/td><td>&nbsp;<\/td><\/tr><tr><td>27.02<\/td><td>Czwartek<\/td><td>7.00<\/td><td>&nbsp;<\/td><\/tr><tr><td>28.02<\/td><td>Pi\u0105tek<\/td><td>18.00<\/td><td>&nbsp;<\/td><\/tr><tr><td>01.03<\/td><td>Sobota<\/td><td>18.00<\/td><td>+ Roman Jaworski<\/td><\/tr><tr><td><strong>02.03<\/strong><\/td><td><strong>Niedziela<\/strong><\/td><td>9.00<\/td><td>+Kazimiera i Stefan Fr\u0105czek<\/td><\/tr><tr><td>&nbsp;<\/td><td>&nbsp;<\/td><td>11.00<\/td><td>+Helen\u0119 Kibil 30r \u015bm.<\/td><\/tr><\/tbody><\/table><\/figure>\n","protected":false},"excerpt":{"rendered":"<p>W dzisiejsz\u0105 niedziel\u0119 23 lutego na Mszy \u015bw. o godz. 11.00 spotkanie dla rodzic\u00f3w i dzieci pierwszokomunijnych. Na stoliku za pras\u0105 katolick\u0105 znajduje si\u0119 lista na kt\u00f3rej mo\u017cna z\u0142o\u017cy\u0107 podpis popieraj\u0105cy odrzucenie ustawy popieraj\u0105ce proaborcyjne projekty. Lista ma pom\u00f3c Prezydentowi RP zawetowa\u0107 ustaw\u0119 o legalizacji dzieciob\u00f3jstwa. Zach\u0119camy do nabywania i [&hellip;]<\/p>\n","protected":false},"author":2,"featured_media":0,"comment_status":"closed","ping_status":"closed","sticky":false,"template":"","format":"standard","meta":[],"categories":[2],"tags":[],"_links":{"self":[{"href":"http:\/\/www.parafiakuligow.pl\/index.php\/wp-json\/wp\/v2\/posts\/2901"}],"collection":[{"href":"http:\/\/www.parafiakuligow.pl\/index.php\/wp-json\/wp\/v2\/posts"}],"about":[{"href":"http:\/\/www.parafiakuligow.pl\/index.php\/wp-json\/wp\/v2\/types\/post"}],"author":[{"embeddable":true,"href":"http:\/\/www.parafiakuligow.pl\/index.php\/wp-json\/wp\/v2\/users\/2"}],"replies":[{"embeddable":true,"href":"http:\/\/www.parafiakuligow.pl\/index.php\/wp-json\/wp\/v2\/comments?post=2901"}],"version-history":[{"count":2,"href":"http:\/\/www.parafiakuligow.pl\/index.php\/wp-json\/wp\/v2\/posts\/2901\/revisions"}],"predecessor-version":[{"id":2904,"href":"http:\/\/www.parafiakuligow.pl\/index.php\/wp-json\/wp\/v2\/posts\/2901\/revisions\/2904"}],"wp:attachment":[{"href":"http:\/\/www.parafiakuligow.pl\/index.php\/wp-json\/wp\/v2\/media?parent=2901"}],"wp:term":[{"taxonomy":"category","embeddable":true,"href":"http:\/\/www.parafiakuligow.pl\/index.php\/wp-json\/wp\/v2\/categories?post=2901"},{"taxonomy":"post_tag","embeddable":true,"href":"http:\/\/www.parafiakuligow.pl\/index.php\/wp-json\/wp\/v2\/tags?post=2901"}],"curies":[{"name":"wp","href":"https:\/\/api.w.org\/{rel}","templated":true}]}}