{"id":2877,"date":"2025-01-19T00:22:12","date_gmt":"2025-01-18T23:22:12","guid":{"rendered":"https:\/\/www.parafiakuligow.pl\/?p=2877"},"modified":"2025-01-19T00:23:04","modified_gmt":"2025-01-18T23:23:04","slug":"19-stycznia-2025","status":"publish","type":"post","link":"http:\/\/www.parafiakuligow.pl\/index.php\/2025\/01\/19\/19-stycznia-2025\/","title":{"rendered":"19 stycznia 2025"},"content":{"rendered":"\n<ol type=\"1\"><li>W tym tygodniu w poniedzia\u0142ek si\u00f3dma rocznica ingresu Pasterza Diecezji.<\/li><li>Zako\u0144czyli\u015bmy kol\u0119d\u0119. Serdeczne B\u00f3g zap\u0142a\u0107 wszystkim rodzinom i wszystkim kt\u00f3rzy przyj\u0119li Ksi\u0119dza po kol\u0119dzie. Dzi\u0119kuj\u0119 za wsp\u00f3ln\u0105 modlitw\u0119, za rozmowy i dobr\u0105 atmosfer\u0119, za z\u0142o\u017cone ofiary i wszelkie oznaki \u017cyczliwo\u015bci i troski o wsp\u00f3lnot\u0119 parafialn\u0105. Zapowiadana inwestycja zostanie wykonana.<\/li><li>Zach\u0119camy do nabywania i czytania prasy katolickiej.<\/li><li>\u017byczymy radosnego dobrego odpoczynku zapraszaj\u0105c do naszej pi\u0119knej \u015bwi\u0105tyni.<\/li><\/ol>\n\n\n\n<p><strong>Intencje Mszalne<\/strong><\/p>\n\n\n\n<figure class=\"wp-block-table\"><table><tbody><tr><td><strong>Data<\/strong><\/td><td><strong>dzie\u0144<\/strong><\/td><td><strong>Godzina<\/strong><\/td><td><strong>Intencja<\/strong><\/td><\/tr><tr><td><strong>19.01<\/strong><\/td><td><strong>Niedziela<\/strong><\/td><td>9.00<\/td><td>+ Jusi\u0144ski Stanis\u0142aw<\/td><\/tr><tr><td>&nbsp;<\/td><td>&nbsp;<\/td><td>11.00<\/td><td>+ Jan i Jadwiga Szczepa\u0144scy<\/td><\/tr><tr><td>&nbsp;<\/td><td>&nbsp;<\/td><td>13.00<\/td><td>greg.<\/td><\/tr><tr><td>20.01<\/td><td>Poniedzia\u0142ek<\/td><td>18.00<\/td><td>greg.<\/td><\/tr><tr><td>21.01<\/td><td>Wtorek<\/td><td>7.00<\/td><td>greg.<\/td><\/tr><tr><td>22.01<\/td><td>\u015aroda<\/td><td>18.00<\/td><td>greg.<\/td><\/tr><tr><td>23.01<\/td><td>Czwartek<\/td><td>7.00<\/td><td>greg.<\/td><\/tr><tr><td>24.01<\/td><td>Pi\u0105tek<\/td><td>18.00<\/td><td>greg.<\/td><\/tr><tr><td>25.01<\/td><td>Sobota<\/td><td>18.00<\/td><td>Zam\u00f3wiona p. Cezary Kuligowski<\/td><\/tr><tr><td>&nbsp;<\/td><td>&nbsp;<\/td><td>19.00<\/td><td>greg.<\/td><\/tr><tr><td><strong>26.01<\/strong><\/td><td><strong>Niedziela<\/strong><\/td><td>9.00<\/td><td>+ Barbar\u0119 D\u0105browsk\u0105 1 r. \u015bm.<\/td><\/tr><tr><td>&nbsp;<\/td><td>&nbsp;<\/td><td>11.00<\/td><td>+ Kazimierz M\u0142oduchowski<\/td><\/tr><tr><td>&nbsp;<\/td><td>&nbsp;<\/td><td>13.00<\/td><td>greg.<\/td><\/tr><\/tbody><\/table><\/figure>\n","protected":false},"excerpt":{"rendered":"<p>W tym tygodniu w poniedzia\u0142ek si\u00f3dma rocznica ingresu Pasterza Diecezji. Zako\u0144czyli\u015bmy kol\u0119d\u0119. Serdeczne B\u00f3g zap\u0142a\u0107 wszystkim rodzinom i wszystkim kt\u00f3rzy przyj\u0119li Ksi\u0119dza po kol\u0119dzie. Dzi\u0119kuj\u0119 za wsp\u00f3ln\u0105 modlitw\u0119, za rozmowy i dobr\u0105 atmosfer\u0119, za z\u0142o\u017cone ofiary i wszelkie oznaki \u017cyczliwo\u015bci i troski o wsp\u00f3lnot\u0119 parafialn\u0105. Zapowiadana inwestycja zostanie wykonana. Zach\u0119camy [&hellip;]<\/p>\n","protected":false},"author":2,"featured_media":0,"comment_status":"closed","ping_status":"closed","sticky":false,"template":"","format":"standard","meta":[],"categories":[2],"tags":[],"_links":{"self":[{"href":"http:\/\/www.parafiakuligow.pl\/index.php\/wp-json\/wp\/v2\/posts\/2877"}],"collection":[{"href":"http:\/\/www.parafiakuligow.pl\/index.php\/wp-json\/wp\/v2\/posts"}],"about":[{"href":"http:\/\/www.parafiakuligow.pl\/index.php\/wp-json\/wp\/v2\/types\/post"}],"author":[{"embeddable":true,"href":"http:\/\/www.parafiakuligow.pl\/index.php\/wp-json\/wp\/v2\/users\/2"}],"replies":[{"embeddable":true,"href":"http:\/\/www.parafiakuligow.pl\/index.php\/wp-json\/wp\/v2\/comments?post=2877"}],"version-history":[{"count":4,"href":"http:\/\/www.parafiakuligow.pl\/index.php\/wp-json\/wp\/v2\/posts\/2877\/revisions"}],"predecessor-version":[{"id":2881,"href":"http:\/\/www.parafiakuligow.pl\/index.php\/wp-json\/wp\/v2\/posts\/2877\/revisions\/2881"}],"wp:attachment":[{"href":"http:\/\/www.parafiakuligow.pl\/index.php\/wp-json\/wp\/v2\/media?parent=2877"}],"wp:term":[{"taxonomy":"category","embeddable":true,"href":"http:\/\/www.parafiakuligow.pl\/index.php\/wp-json\/wp\/v2\/categories?post=2877"},{"taxonomy":"post_tag","embeddable":true,"href":"http:\/\/www.parafiakuligow.pl\/index.php\/wp-json\/wp\/v2\/tags?post=2877"}],"curies":[{"name":"wp","href":"https:\/\/api.w.org\/{rel}","templated":true}]}}