{"id":2858,"date":"2024-12-22T00:49:00","date_gmt":"2024-12-21T23:49:00","guid":{"rendered":"https:\/\/www.parafiakuligow.pl\/?p=2858"},"modified":"2024-12-21T20:54:43","modified_gmt":"2024-12-21T19:54:43","slug":"2858","status":"publish","type":"post","link":"http:\/\/www.parafiakuligow.pl\/index.php\/2024\/12\/22\/2858\/","title":{"rendered":"22 grudnia 2024"},"content":{"rendered":"\n<p><\/p>\n\n\n\n<ol type=\"1\"><li>Zako\u0144czenie Rorat we wtorek 24 grudnia o godz. 7.00. Na zako\u0144czenie Mszy \u015bw. podzielimy si\u0119 op\u0142atkiem. Zapraszamy.<\/li><li>24 grudnia 2024 r. o godz. 24.00 Msz\u0119 \u015bwi\u0119t\u0105 rozpoczniemy Celebracj\u0105 Uroczysto\u015bci Naradzania Pa\u0144skiego. Pasterka o godz. 24.00.<br>25 grudnia Msze \u015bw. o godz. 9.00 i 11.00.<br>Taca z pasterki przeznaczona jest na Fundusz Ochrony \u017bycia. W drugi dzie\u0144 \u015bwi\u0105t taca na budow\u0119 \u015bwi\u0105tyni.<\/li><li>W przysz\u0142\u0105 niedziel\u0119 29 grudnia uroczysto\u015b\u0107 \u015awi\u0119tej Rodziny: Jezusa, Maryi i J\u00f3zefa. B\u0142ogos\u0142awionych \u015awi\u0105t Bo\u017cego Narodzenia niech nowonarodzony Jezus kt\u00f3ry patrzy na wszystkich z mi\u0142o\u015bci\u0105, obdarzy nas nadziej\u0105 i pokojem oraz obficie udzieli nam swoich \u0142ask.<\/li><li>Serdeczne podzi\u0119kowania wszystkim, kt\u00f3rzy przez r\u00f3\u017cne pos\u0142ugi przyczynili si\u0119 do przygotowania Uroczysto\u015bci: Ustawienie choinek i dekoracje rodzinie Sta\u0144czak\u00f3w, Miros\u0142awowi Kuligowskiemu, Leszkowi Karasiewicz, El\u017cbiecie i Mai Chrzanowskim, Krystynie Chrzanowskiej, rodzicom dzieci pierwszokomunijnym, rodzinie Wi\u015bniewskich, Miecznikowskich, Zegad\u0142o, za naprawienie chor\u0105gwi p. Wiktorowi Ole\u015bkiewicz, p. Alicji Czerwi\u0144skiej za wypranie szat liturgicznych.<\/li><li>W tygodniu Idziemy s\u0105 dwa egzemplarze oraz kalendarz na rok 2025. Cena 10 z\u0142.<\/li><li>Kol\u0119da w naszej parafii rozpocznie si\u0119 2 stycznia 2025 r. w czwartek. Plan kol\u0119dy na stronie parafialnej i w gablocie og\u0142osze\u0144.<\/li><\/ol>\n\n\n\n<p><strong>Intencje Mszalne<\/strong><\/p>\n\n\n\n<figure class=\"wp-block-table\"><table><tbody><tr><td><strong>Data<\/strong><\/td><td><strong>dzie\u0144<\/strong><\/td><td><strong>Godzina<\/strong><\/td><td><strong>Intencja<\/strong><\/td><\/tr><tr><td><strong>22.12<\/strong><\/td><td><strong>Niedziela<\/strong><\/td><td>9.00<\/td><td>10 r. \u015bm. + Leszka Klimkiewicz i Ew\u0119 Diakowsk\u0105, J\u00f3zefa, Genowef\u0119 Jusi\u0144skich<\/td><\/tr><tr><td>&nbsp;<\/td><td>&nbsp;<\/td><td>11.00<\/td><td>+Eugeniusz, Beata i Krystyna Zemlak<\/td><\/tr><tr><td>23.12<\/td><td>Poniedzia\u0142ek<\/td><td>18.00<\/td><td>+ Lucyn\u0119 Buraczewsk\u0105<\/td><\/tr><tr><td>24.12<\/td><td>Wtorek<\/td><td>7.00<\/td><td>dantis<\/td><\/tr><tr><td>&nbsp;<\/td><td>&nbsp;<\/td><td><strong>24.00<\/strong><\/td><td><strong>Pasterka<\/strong> \u2013 za parafian<\/td><\/tr><tr><td><strong>25.12<\/strong><\/td><td><strong>\u015aroda<\/strong><\/td><td>9.00<\/td><td>+ dziadk\u00f3w Feliks\u0119 i Leonarda Sosi\u0144skich, Stanis\u0142awa i Zdzis\u0142awa Sosi\u0144skich. Rodzic\u00f3w Halin\u0119 i Leonarda D\u0105browskich, dziadk\u00f3w D\u0105browskich, Pradziadk\u00f3w Chrzanowskich<\/td><\/tr><tr><td>&nbsp;<\/td><td>&nbsp;<\/td><td>11.00<\/td><td>+ Helen\u0119 W\u00f3jcik, Miros\u0142aw\u0119 Kowalewsk\u0105<\/td><\/tr><tr><td><strong>26.12<\/strong><\/td><td><strong>Czwartek<\/strong><\/td><td>9.00<\/td><td>+ Katarzyna Szatkowska<\/td><\/tr><tr><td>&nbsp;<\/td><td>&nbsp;<\/td><td>11.00<\/td><td>+ Jadwig\u0119 i Romana 21 r. \u015bm. Kostrzew\u00f3w &nbsp;<\/td><\/tr><tr><td>27.12<\/td><td>Pi\u0105tek<\/td><td>18.00<\/td><td>dantis<\/td><\/tr><tr><td>28.12<\/td><td>Sobota<\/td><td>18.00<\/td><td>+ Eugeniusza \u0141ukasik<\/td><\/tr><tr><td><strong>29.12<\/strong><\/td><td><strong>Niedziela<\/strong><\/td><td>9.00<\/td><td>dantis<\/td><\/tr><tr><td>&nbsp;<\/td><td>&nbsp;<\/td><td>11.00<\/td><td>+ J\u00f3zef\u0119 Jaworsk\u0105<\/td><\/tr><\/tbody><\/table><\/figure>\n","protected":false},"excerpt":{"rendered":"<p>Zako\u0144czenie Rorat we wtorek 24 grudnia o godz. 7.00. Na zako\u0144czenie Mszy \u015bw. podzielimy si\u0119 op\u0142atkiem. Zapraszamy. 24 grudnia 2024 r. o godz. 24.00 Msz\u0119 \u015bwi\u0119t\u0105 rozpoczniemy Celebracj\u0105 Uroczysto\u015bci Naradzania Pa\u0144skiego. Pasterka o godz. 24.00.25 grudnia Msze \u015bw. o godz. 9.00 i 11.00.Taca z pasterki przeznaczona jest na Fundusz Ochrony [&hellip;]<\/p>\n","protected":false},"author":2,"featured_media":0,"comment_status":"closed","ping_status":"closed","sticky":false,"template":"","format":"standard","meta":[],"categories":[2],"tags":[],"_links":{"self":[{"href":"http:\/\/www.parafiakuligow.pl\/index.php\/wp-json\/wp\/v2\/posts\/2858"}],"collection":[{"href":"http:\/\/www.parafiakuligow.pl\/index.php\/wp-json\/wp\/v2\/posts"}],"about":[{"href":"http:\/\/www.parafiakuligow.pl\/index.php\/wp-json\/wp\/v2\/types\/post"}],"author":[{"embeddable":true,"href":"http:\/\/www.parafiakuligow.pl\/index.php\/wp-json\/wp\/v2\/users\/2"}],"replies":[{"embeddable":true,"href":"http:\/\/www.parafiakuligow.pl\/index.php\/wp-json\/wp\/v2\/comments?post=2858"}],"version-history":[{"count":6,"href":"http:\/\/www.parafiakuligow.pl\/index.php\/wp-json\/wp\/v2\/posts\/2858\/revisions"}],"predecessor-version":[{"id":2867,"href":"http:\/\/www.parafiakuligow.pl\/index.php\/wp-json\/wp\/v2\/posts\/2858\/revisions\/2867"}],"wp:attachment":[{"href":"http:\/\/www.parafiakuligow.pl\/index.php\/wp-json\/wp\/v2\/media?parent=2858"}],"wp:term":[{"taxonomy":"category","embeddable":true,"href":"http:\/\/www.parafiakuligow.pl\/index.php\/wp-json\/wp\/v2\/categories?post=2858"},{"taxonomy":"post_tag","embeddable":true,"href":"http:\/\/www.parafiakuligow.pl\/index.php\/wp-json\/wp\/v2\/tags?post=2858"}],"curies":[{"name":"wp","href":"https:\/\/api.w.org\/{rel}","templated":true}]}}