{"id":2849,"date":"2024-12-08T00:33:00","date_gmt":"2024-12-07T23:33:00","guid":{"rendered":"https:\/\/www.parafiakuligow.pl\/?p=2849"},"modified":"2024-12-07T15:37:57","modified_gmt":"2024-12-07T14:37:57","slug":"8-grudnia-2024-2-niedziela-adwentu-niepokalane-poczecie-najswietszej-marii-panny","status":"publish","type":"post","link":"http:\/\/www.parafiakuligow.pl\/index.php\/2024\/12\/08\/8-grudnia-2024-2-niedziela-adwentu-niepokalane-poczecie-najswietszej-marii-panny\/","title":{"rendered":"8 grudnia 2024 \u2013 2 Niedziela Adwentu Niepokalane Pocz\u0119cie Naj\u015bwi\u0119tszej Marii Panny"},"content":{"rendered":"\n<ol type=\"1\"><li>Rekolekcje adwentowe w ramach dnia skupienia b\u0119d\u0105 w sobot\u0119<br>14 grudnia. Msze \u015bw. ze spowiedzi\u0105 o godz. 10.00 i 18.00. Rozwa\u017cania rekolekcyjne poprowadzi Ks. Marek Widzyk Salezjanin ze Szko\u0142y Katolickiej w Mi\u0144ski Mazowieckim. Zapraszamy.<\/li><li>Po Mszach \u015bw. rozprowadzamy op\u0142atki i \u015bwiece Caritas. Ofiary za op\u0142atki b\u0119d\u0105 przeznaczone na ogrzewanie ko\u015bcio\u0142a.<\/li><li>Je\u017celi kto\u015b z parafian chcia\u0142by ofiarowa\u0107 choinki do Ko\u015bcio\u0142a to poprosz\u0119 jak najszybciej skontaktowa\u0107 si\u0119 z Ks. Proboszczem.<\/li><li>Zapraszamy do udzia\u0142u w roratach kt\u00f3re s\u0105 odprawiane w zwyk\u0142e dni tygodnia.<\/li><li>W poniedzia\u0142ek 9.12.2024 z racji spowiedzi rekolekcyjnej w J\u00f3zefowie Msza \u015bw. w naszej parafii b\u0119dzie o godz. 7.00, o godz. 18.00 Mszy \u015bw. nie b\u0119dzie.<\/li><li>Zach\u0119camy do nabywania i czytania prasy katolickiej, tygodnika &nbsp;\u201eIdziemy\u201d.<\/li><li>\u017byczymy radosnego dobrego odpoczynku zapraszaj\u0105c do naszej pi\u0119knej \u015bwi\u0105tyni.<\/li><\/ol>\n\n\n\n<p><strong>Intencje Mszalne<\/strong><\/p>\n\n\n\n<figure class=\"wp-block-table\"><table><tbody><tr><td><strong>Data<\/strong><\/td><td><strong>dzie\u0144<\/strong><\/td><td><strong>Godzina<\/strong><\/td><td><strong>Intencja<\/strong><\/td><\/tr><tr><td><strong>08.12<\/strong><\/td><td><strong>Niedziela<\/strong><\/td><td>9.00<\/td><td>+ Regin\u0119, Czes\u0142awa i Jana Rafalak<\/td><\/tr><tr><td>&nbsp;<\/td><td>&nbsp;<\/td><td>11.00<\/td><td>+ Kazimier\u0119 Karasiewicz, Halin\u0119 Szczypka<\/td><\/tr><tr><td>09.12<\/td><td>Poniedzia\u0142ek<\/td><td>7.00<\/td><td>+ Zbigniewa \u015apiewaka<\/td><\/tr><tr><td>10.12<\/td><td>Wtorek<\/td><td>7.00<\/td><td>Za parafian<\/td><\/tr><tr><td>11.12<\/td><td>\u015aroda<\/td><td>18.00<\/td><td>+ Teresa Pawelec<\/td><\/tr><tr><td>12.12<\/td><td>Czwartek<\/td><td>7.00<\/td><td>dantis<\/td><\/tr><tr><td>13.12<\/td><td>Pi\u0105tek<\/td><td>18.00<\/td><td>dantis<\/td><\/tr><tr><td>14.12<\/td><td>Sobota<\/td><td>10.00<\/td><td>dantis<\/td><\/tr><tr><td>&nbsp;<\/td><td>&nbsp;<\/td><td>18.00<\/td><td>Za rodzin\u0119 + Zochowskich, Borejko i Lisiewicz<\/td><\/tr><tr><td><strong>15.12<\/strong><\/td><td><strong>Niedziela<\/strong><\/td><td>9.00<\/td><td>Za\u0142\u0119ska Romana i jej rodzice<\/td><\/tr><tr><td>&nbsp;<\/td><td>&nbsp;<\/td><td>11.00<\/td><td>16 r. \u015bm. + Kazimierz Bielecki<\/td><\/tr><\/tbody><\/table><\/figure>\n","protected":false},"excerpt":{"rendered":"<p>Rekolekcje adwentowe w ramach dnia skupienia b\u0119d\u0105 w sobot\u011914 grudnia. Msze \u015bw. ze spowiedzi\u0105 o godz. 10.00 i 18.00. Rozwa\u017cania rekolekcyjne poprowadzi Ks. Marek Widzyk Salezjanin ze Szko\u0142y Katolickiej w Mi\u0144ski Mazowieckim. Zapraszamy. Po Mszach \u015bw. rozprowadzamy op\u0142atki i \u015bwiece Caritas. Ofiary za op\u0142atki b\u0119d\u0105 przeznaczone na ogrzewanie ko\u015bcio\u0142a. Je\u017celi [&hellip;]<\/p>\n","protected":false},"author":2,"featured_media":0,"comment_status":"closed","ping_status":"closed","sticky":false,"template":"","format":"standard","meta":[],"categories":[2],"tags":[],"_links":{"self":[{"href":"http:\/\/www.parafiakuligow.pl\/index.php\/wp-json\/wp\/v2\/posts\/2849"}],"collection":[{"href":"http:\/\/www.parafiakuligow.pl\/index.php\/wp-json\/wp\/v2\/posts"}],"about":[{"href":"http:\/\/www.parafiakuligow.pl\/index.php\/wp-json\/wp\/v2\/types\/post"}],"author":[{"embeddable":true,"href":"http:\/\/www.parafiakuligow.pl\/index.php\/wp-json\/wp\/v2\/users\/2"}],"replies":[{"embeddable":true,"href":"http:\/\/www.parafiakuligow.pl\/index.php\/wp-json\/wp\/v2\/comments?post=2849"}],"version-history":[{"count":2,"href":"http:\/\/www.parafiakuligow.pl\/index.php\/wp-json\/wp\/v2\/posts\/2849\/revisions"}],"predecessor-version":[{"id":2852,"href":"http:\/\/www.parafiakuligow.pl\/index.php\/wp-json\/wp\/v2\/posts\/2849\/revisions\/2852"}],"wp:attachment":[{"href":"http:\/\/www.parafiakuligow.pl\/index.php\/wp-json\/wp\/v2\/media?parent=2849"}],"wp:term":[{"taxonomy":"category","embeddable":true,"href":"http:\/\/www.parafiakuligow.pl\/index.php\/wp-json\/wp\/v2\/categories?post=2849"},{"taxonomy":"post_tag","embeddable":true,"href":"http:\/\/www.parafiakuligow.pl\/index.php\/wp-json\/wp\/v2\/tags?post=2849"}],"curies":[{"name":"wp","href":"https:\/\/api.w.org\/{rel}","templated":true}]}}