{"id":2837,"date":"2024-11-17T00:58:00","date_gmt":"2024-11-16T23:58:00","guid":{"rendered":"https:\/\/www.parafiakuligow.pl\/?p=2837"},"modified":"2024-11-16T23:58:28","modified_gmt":"2024-11-16T22:58:28","slug":"17-listopad-2024","status":"publish","type":"post","link":"http:\/\/www.parafiakuligow.pl\/index.php\/2024\/11\/17\/17-listopad-2024\/","title":{"rendered":"17 listopad 2024"},"content":{"rendered":"\n<ol type=\"1\"><li>Dzisiejsza taca przeznaczona jest na Seminarium Duchowne.<\/li><li>W przysz\u0142\u0105 niedziel\u0119 Uroczysto\u015b\u0107 Jezusa Chrystusa Kr\u00f3la Wszech\u015bwiata.<\/li><li>W tym tygodniu od wtorku do czwartku Ks. Proboszcz b\u0119dzie na rekolekcjach kap\u0142a\u0144skich. W razie potrzeby prosz\u0119 dzwoni\u0107 pod nr. tel. 503&nbsp;162&nbsp;291. Msze \u015bw. b\u0119d\u0105 odprawiane wg. zwyk\u0142ego planu.<\/li><li>Zach\u0119camy do nabywania i czytania prasy katolickiej, tygodnika &nbsp;\u201eIdziemy\u201d.<\/li><li>\u017byczymy radosnego dobrego odpoczynku zapraszaj\u0105c do naszej pi\u0119knej \u015bwi\u0105tyni.<\/li><\/ol>\n\n\n\n<p><strong>Intencje Mszalne<\/strong><\/p>\n\n\n\n<figure class=\"wp-block-table\"><table><tbody><tr><td><strong>Data<\/strong><\/td><td><strong>dzie\u0144<\/strong><\/td><td><strong>Godzina<\/strong><\/td><td><strong>Intencja<\/strong><\/td><\/tr><tr><td><strong>17.11<\/strong><\/td><td><strong>Niedziela<\/strong><\/td><td>9.00<\/td><td>+ w 2 r. \u015bm. Rafa\u0142a M\u0142oduchowskiego<\/td><\/tr><tr><td>&nbsp;<\/td><td>&nbsp;<\/td><td>11.00<\/td><td>+ Honorat\u0119 Kuligowsk\u0105<\/td><\/tr><tr><td>18.11<\/td><td>Poniedzia\u0142ek<\/td><td>18.00<\/td><td>&nbsp;<\/td><\/tr><tr><td>19.11<\/td><td>Wtorek<\/td><td>7.00<\/td><td>dantis<\/td><\/tr><tr><td>20.11<\/td><td>\u015aroda<\/td><td>18.00<\/td><td>Za parafian<\/td><\/tr><tr><td>21.11<\/td><td>Czwartek<\/td><td>7.00<\/td><td>&nbsp;<\/td><\/tr><tr><td>22.11<\/td><td>Pi\u0105tek<\/td><td>18.00<\/td><td>&nbsp;<\/td><\/tr><tr><td>23.11<\/td><td>Sobota<\/td><td>18.00<\/td><td>+ Stanis\u0142aw Zawadzki<\/td><\/tr><tr><td><strong>24.11<\/strong><\/td><td><strong>Niedziela<\/strong><\/td><td>9.00<\/td><td>+ Leokadia i Henryk Ole\u015bkiewicz<\/td><\/tr><tr><td>&nbsp;<\/td><td>&nbsp;<\/td><td>11.00<\/td><td>2 r. \u015bm. + Andrzej Kope\u0107<\/td><\/tr><\/tbody><\/table><\/figure>\n","protected":false},"excerpt":{"rendered":"<p>Dzisiejsza taca przeznaczona jest na Seminarium Duchowne. W przysz\u0142\u0105 niedziel\u0119 Uroczysto\u015b\u0107 Jezusa Chrystusa Kr\u00f3la Wszech\u015bwiata. W tym tygodniu od wtorku do czwartku Ks. Proboszcz b\u0119dzie na rekolekcjach kap\u0142a\u0144skich. W razie potrzeby prosz\u0119 dzwoni\u0107 pod nr. tel. 503&nbsp;162&nbsp;291. Msze \u015bw. b\u0119d\u0105 odprawiane wg. zwyk\u0142ego planu. Zach\u0119camy do nabywania i czytania prasy [&hellip;]<\/p>\n","protected":false},"author":2,"featured_media":0,"comment_status":"closed","ping_status":"closed","sticky":false,"template":"","format":"standard","meta":[],"categories":[2],"tags":[],"_links":{"self":[{"href":"http:\/\/www.parafiakuligow.pl\/index.php\/wp-json\/wp\/v2\/posts\/2837"}],"collection":[{"href":"http:\/\/www.parafiakuligow.pl\/index.php\/wp-json\/wp\/v2\/posts"}],"about":[{"href":"http:\/\/www.parafiakuligow.pl\/index.php\/wp-json\/wp\/v2\/types\/post"}],"author":[{"embeddable":true,"href":"http:\/\/www.parafiakuligow.pl\/index.php\/wp-json\/wp\/v2\/users\/2"}],"replies":[{"embeddable":true,"href":"http:\/\/www.parafiakuligow.pl\/index.php\/wp-json\/wp\/v2\/comments?post=2837"}],"version-history":[{"count":1,"href":"http:\/\/www.parafiakuligow.pl\/index.php\/wp-json\/wp\/v2\/posts\/2837\/revisions"}],"predecessor-version":[{"id":2838,"href":"http:\/\/www.parafiakuligow.pl\/index.php\/wp-json\/wp\/v2\/posts\/2837\/revisions\/2838"}],"wp:attachment":[{"href":"http:\/\/www.parafiakuligow.pl\/index.php\/wp-json\/wp\/v2\/media?parent=2837"}],"wp:term":[{"taxonomy":"category","embeddable":true,"href":"http:\/\/www.parafiakuligow.pl\/index.php\/wp-json\/wp\/v2\/categories?post=2837"},{"taxonomy":"post_tag","embeddable":true,"href":"http:\/\/www.parafiakuligow.pl\/index.php\/wp-json\/wp\/v2\/tags?post=2837"}],"curies":[{"name":"wp","href":"https:\/\/api.w.org\/{rel}","templated":true}]}}