{"id":2826,"date":"2024-10-20T00:42:00","date_gmt":"2024-10-19T22:42:00","guid":{"rendered":"https:\/\/www.parafiakuligow.pl\/?p=2826"},"modified":"2024-10-19T21:42:42","modified_gmt":"2024-10-19T19:42:42","slug":"20-pazdziernik-2024-29-niedziela-zwykla","status":"publish","type":"post","link":"http:\/\/www.parafiakuligow.pl\/index.php\/2024\/10\/20\/20-pazdziernik-2024-29-niedziela-zwykla\/","title":{"rendered":"20 pa\u017adziernik 2024 \u2013 29 Niedziela Zwyk\u0142a."},"content":{"rendered":"\n<ol type=\"1\"><li>W tym tygodniu we wtorek 22 pa\u017adziernika prze\u017cywamy wspomnienia Jana Paw\u0142a II papie\u017ca.<\/li><li>Dzisiejsza taca przeznaczona jest na misj\u0119.<\/li><li>Przyjmujemy na wypominki roczne i jednorazowe.<\/li><li>Spotkanie Rady Parafialnej i Ekonomicznej w sobot\u0119 26 pa\u017adziernika o godz. 19.00.<\/li><li>Zach\u0119camy do nabywania i czytania prasy katolickiej, tygodnika &nbsp;\u201eIdziemy\u201d.<\/li><li>\u017byczymy radosnego dobrego odpoczynku zapraszaj\u0105c do naszej pi\u0119knej \u015bwi\u0105tyni.<\/li><\/ol>\n\n\n\n<p><strong>Intencje Mszalne<\/strong><\/p>\n\n\n\n<figure class=\"wp-block-table\"><table><tbody><tr><td><strong>Data<\/strong><\/td><td><strong>dzie\u0144<\/strong><\/td><td><strong>Godzina<\/strong><\/td><td><strong>Intencja<\/strong><\/td><\/tr><tr><td><strong>20.10<\/strong><\/td><td><strong>Niedziela<\/strong><\/td><td>9.00<\/td><td>+ Jana Karasiewicz<\/td><\/tr><tr><td>&nbsp;<\/td><td>&nbsp;<\/td><td>11.00<\/td><td>greg. (20)<\/td><\/tr><tr><td>&nbsp;<\/td><td>&nbsp;<\/td><td>13.00<\/td><td>+ Urszul\u0119 i Arkadiusza Wi\u0119cha<\/td><\/tr><tr><td>21.10<\/td><td>Poniedzia\u0142ek<\/td><td>18.00<\/td><td>greg. (21)<\/td><\/tr><tr><td>22.10<\/td><td>Wtorek<\/td><td>7.00<\/td><td>greg. (22)<\/td><\/tr><tr><td>23.10<\/td><td>\u015aroda<\/td><td>18.00<\/td><td>greg. (23)<\/td><\/tr><tr><td>24.10<\/td><td>Czwartek<\/td><td>7.00<\/td><td>greg. (24)<\/td><\/tr><tr><td>25.10<\/td><td>Pi\u0105tek<\/td><td>18.00<\/td><td>greg. (25)<\/td><\/tr><tr><td>26.10<\/td><td>Sobota<\/td><td>18.00<\/td><td>greg. (26)<\/td><\/tr><tr><td>&nbsp;<\/td><td>&nbsp;<\/td><td>18.30<\/td><td>Zam. P. Kuligowski<\/td><\/tr><tr><td><strong>27.10<\/strong><\/td><td><strong>Niedziela<\/strong><\/td><td>9.00<\/td><td>greg. (27)<\/td><\/tr><tr><td>&nbsp;<\/td><td>&nbsp;<\/td><td>11.00<\/td><td>+ Laszcz Henryk oraz rodzic\u00f3w<\/td><\/tr><\/tbody><\/table><\/figure>\n","protected":false},"excerpt":{"rendered":"<p>W tym tygodniu we wtorek 22 pa\u017adziernika prze\u017cywamy wspomnienia Jana Paw\u0142a II papie\u017ca. Dzisiejsza taca przeznaczona jest na misj\u0119. Przyjmujemy na wypominki roczne i jednorazowe. Spotkanie Rady Parafialnej i Ekonomicznej w sobot\u0119 26 pa\u017adziernika o godz. 19.00. Zach\u0119camy do nabywania i czytania prasy katolickiej, tygodnika &nbsp;\u201eIdziemy\u201d. \u017byczymy radosnego dobrego odpoczynku [&hellip;]<\/p>\n","protected":false},"author":2,"featured_media":0,"comment_status":"closed","ping_status":"closed","sticky":false,"template":"","format":"standard","meta":[],"categories":[2],"tags":[],"_links":{"self":[{"href":"http:\/\/www.parafiakuligow.pl\/index.php\/wp-json\/wp\/v2\/posts\/2826"}],"collection":[{"href":"http:\/\/www.parafiakuligow.pl\/index.php\/wp-json\/wp\/v2\/posts"}],"about":[{"href":"http:\/\/www.parafiakuligow.pl\/index.php\/wp-json\/wp\/v2\/types\/post"}],"author":[{"embeddable":true,"href":"http:\/\/www.parafiakuligow.pl\/index.php\/wp-json\/wp\/v2\/users\/2"}],"replies":[{"embeddable":true,"href":"http:\/\/www.parafiakuligow.pl\/index.php\/wp-json\/wp\/v2\/comments?post=2826"}],"version-history":[{"count":2,"href":"http:\/\/www.parafiakuligow.pl\/index.php\/wp-json\/wp\/v2\/posts\/2826\/revisions"}],"predecessor-version":[{"id":2828,"href":"http:\/\/www.parafiakuligow.pl\/index.php\/wp-json\/wp\/v2\/posts\/2826\/revisions\/2828"}],"wp:attachment":[{"href":"http:\/\/www.parafiakuligow.pl\/index.php\/wp-json\/wp\/v2\/media?parent=2826"}],"wp:term":[{"taxonomy":"category","embeddable":true,"href":"http:\/\/www.parafiakuligow.pl\/index.php\/wp-json\/wp\/v2\/categories?post=2826"},{"taxonomy":"post_tag","embeddable":true,"href":"http:\/\/www.parafiakuligow.pl\/index.php\/wp-json\/wp\/v2\/tags?post=2826"}],"curies":[{"name":"wp","href":"https:\/\/api.w.org\/{rel}","templated":true}]}}