{"id":2803,"date":"2024-09-15T21:42:00","date_gmt":"2024-09-15T19:42:00","guid":{"rendered":"https:\/\/www.parafiakuligow.pl\/?p=2803"},"modified":"2024-09-14T21:44:09","modified_gmt":"2024-09-14T19:44:09","slug":"15-wrzesien-2024","status":"publish","type":"post","link":"http:\/\/www.parafiakuligow.pl\/index.php\/2024\/09\/15\/15-wrzesien-2024\/","title":{"rendered":"15 wrzesie\u0144 2024"},"content":{"rendered":"\n<ol type=\"1\"><li>W dzisiejsz\u0105 niedziel\u0119 obchodzimy \u015awiatowy Dzie\u0144 \u015arodk\u00f3w Przekazu.<\/li><li>W tym tygodniu prze\u017cywamy: \u00a0<br>&#8211; \u015broda 18.09 \u2013 \u015awi\u0119to \u015bw. Stanis\u0142awa Kostki Zakonnika, patrona Polski.<br>&#8211; Sobota 21.09 \u2013 \u015awi\u0119to \u015bw. Mateusza Aposto\u0142a i Ewangelisty.<\/li><li>W dzisiejsz\u0105 niedziel\u0119 po Mszy \u015bw. o godz. 11.00 zapraszam na spotkanie Rad\u0119 Parafialn\u0105.<\/li><li>W przysz\u0142\u0105 niedziel\u0119 22.09 po Mszy \u015bw. o godz. 11.00 zapraszam rodzic\u00f3w i dzieci kt\u00f3re w tym roku b\u0119d\u0105 przygotowywa\u0107 si\u0119 do pierwszej komunii \u015bw.<\/li><li>Zach\u0119camy do nabywania i czytania prasy katolickiej, tygodnika \u00a0\u201eIdziemy\u201d.<\/li><li>\u017byczymy radosnego dobrego odpoczynku zapraszaj\u0105c do naszej pi\u0119knej \u015bwi\u0105tyni.<\/li><\/ol>\n\n\n\n<p><strong>Intencje Mszalne<\/strong><\/p>\n\n\n\n<figure class=\"wp-block-table\"><table><tbody><tr><td><strong>Data<\/strong><\/td><td><strong>dzie\u0144<\/strong><\/td><td><strong>Godzina<\/strong><\/td><td><strong>Intencja<\/strong><\/td><\/tr><tr><td><strong>15.09<\/strong><\/td><td><strong>Niedziela<\/strong><\/td><td>9.00<\/td><td>+ Adama i Krystyn\u0119 Bieleckich<\/td><\/tr><tr><td>&nbsp;<\/td><td>&nbsp;<\/td><td>11.00<\/td><td>Zam\u00f3wiona p. Sta\u0144czak<\/td><\/tr><tr><td>16.09<\/td><td>Poniedzia\u0142ek<\/td><td>18.00<\/td><td>+ Halin\u0119 So\u0142owiej<\/td><\/tr><tr><td>17.09<\/td><td>Wtorek<\/td><td>7.00<\/td><td>Za parafian<\/td><\/tr><tr><td>18.09<\/td><td>\u015aroda<\/td><td>18.00<\/td><td>+ Bernardyn Mianowski 6 r. \u015bm. Bernard i Janina Mianowscy, za dziadk\u00f3w Czarnowskich<\/td><\/tr><tr><td>19.09<\/td><td>Czwartek<\/td><td>7.00<\/td><td>&nbsp;<\/td><\/tr><tr><td>20.09<\/td><td>Pi\u0105tek<\/td><td>18.00<\/td><td>+ Halin\u0119 So\u0142owiej<\/td><\/tr><tr><td>21.09<\/td><td>Sobota<\/td><td>18.00<\/td><td>+ Mieczys\u0142awa Wr\u00f3blewskiego 24 r. \u015bm. +Krzysztofa Wr\u00f3blewskiego 35 r. \u015bm.<\/td><\/tr><tr><td><strong>22.09<\/strong><\/td><td><strong>Niedziela<\/strong><\/td><td>9.00<\/td><td>1 r. \u015blubu Partycji i Kamila Bo\u017cy\u0144skich<\/td><\/tr><tr><td>&nbsp;<\/td><td>&nbsp;<\/td><td>11.00<\/td><td>+ Stanis\u0142awa Gawlik 6 r. \u015bm., rodzic\u00f3w Stefanie Juliana Gawlik<\/td><\/tr><\/tbody><\/table><\/figure>\n","protected":false},"excerpt":{"rendered":"<p>W dzisiejsz\u0105 niedziel\u0119 obchodzimy \u015awiatowy Dzie\u0144 \u015arodk\u00f3w Przekazu. W tym tygodniu prze\u017cywamy: \u00a0&#8211; \u015broda 18.09 \u2013 \u015awi\u0119to \u015bw. Stanis\u0142awa Kostki Zakonnika, patrona Polski.&#8211; Sobota 21.09 \u2013 \u015awi\u0119to \u015bw. Mateusza Aposto\u0142a i Ewangelisty. W dzisiejsz\u0105 niedziel\u0119 po Mszy \u015bw. o godz. 11.00 zapraszam na spotkanie Rad\u0119 Parafialn\u0105. W przysz\u0142\u0105 niedziel\u0119 22.09 [&hellip;]<\/p>\n","protected":false},"author":2,"featured_media":0,"comment_status":"closed","ping_status":"closed","sticky":false,"template":"","format":"standard","meta":[],"categories":[2],"tags":[],"_links":{"self":[{"href":"http:\/\/www.parafiakuligow.pl\/index.php\/wp-json\/wp\/v2\/posts\/2803"}],"collection":[{"href":"http:\/\/www.parafiakuligow.pl\/index.php\/wp-json\/wp\/v2\/posts"}],"about":[{"href":"http:\/\/www.parafiakuligow.pl\/index.php\/wp-json\/wp\/v2\/types\/post"}],"author":[{"embeddable":true,"href":"http:\/\/www.parafiakuligow.pl\/index.php\/wp-json\/wp\/v2\/users\/2"}],"replies":[{"embeddable":true,"href":"http:\/\/www.parafiakuligow.pl\/index.php\/wp-json\/wp\/v2\/comments?post=2803"}],"version-history":[{"count":2,"href":"http:\/\/www.parafiakuligow.pl\/index.php\/wp-json\/wp\/v2\/posts\/2803\/revisions"}],"predecessor-version":[{"id":2805,"href":"http:\/\/www.parafiakuligow.pl\/index.php\/wp-json\/wp\/v2\/posts\/2803\/revisions\/2805"}],"wp:attachment":[{"href":"http:\/\/www.parafiakuligow.pl\/index.php\/wp-json\/wp\/v2\/media?parent=2803"}],"wp:term":[{"taxonomy":"category","embeddable":true,"href":"http:\/\/www.parafiakuligow.pl\/index.php\/wp-json\/wp\/v2\/categories?post=2803"},{"taxonomy":"post_tag","embeddable":true,"href":"http:\/\/www.parafiakuligow.pl\/index.php\/wp-json\/wp\/v2\/tags?post=2803"}],"curies":[{"name":"wp","href":"https:\/\/api.w.org\/{rel}","templated":true}]}}