{"id":2787,"date":"2024-08-25T00:07:00","date_gmt":"2024-08-24T22:07:00","guid":{"rendered":"https:\/\/www.parafiakuligow.pl\/?p=2787"},"modified":"2024-08-24T22:11:17","modified_gmt":"2024-08-24T20:11:17","slug":"25-sierpien-2024","status":"publish","type":"post","link":"http:\/\/www.parafiakuligow.pl\/index.php\/2024\/08\/25\/25-sierpien-2024\/","title":{"rendered":"25 sierpie\u0144 2024"},"content":{"rendered":"\n<ol type=\"1\"><li>W ubieg\u0142\u0105 niedziel\u0119 prze\u017cywali\u015bmy odpust parafialny. Serdeczne B\u00f3g zap\u0142a\u0107 wszystkim kt\u00f3rzy w jakikolwiek spos\u00f3b przyczynili si\u0119 do przygotowania i przeprowadzenia tej Uroczysto\u015bci. Dzi\u0119kuj\u0119 OSP z Kuligowa za obecno\u015b\u0107 z pocztem sztandarowym oraz udzia\u0142 w procesji, dzi\u0119kuj\u0119 paniom z Ko\u0142a Gospody\u0144 Wiejskich za przygotowanie obiadu, dzi\u0119kuje za wszystkie wykonane prace i spe\u0142nione pos\u0142ugi. W\u015br\u00f3d os\u00f3b kt\u00f3re najwi\u0119cej po\u015bwi\u0119ci\u0142y swojego czasu s\u0105: rodzina Sta\u0144czak\u00f3w, panie Miros\u0142awa Karasiewicz, Alicja Czerwi\u0144ska, Fr\u0105czek Gra\u017cyna, Czarnecka Izabella, Tchorzewska Magdalena, Kuku\u0107 Ma\u0142gorzata. Dzi\u0119kuj\u0119 ministrantom, bielankom, m\u0142odzie\u017cy i wszystkim kt\u00f3rzy w jakikolwiek spos\u00f3b przyczynili si\u0119 do tej Uroczysto\u015bci. B\u00f3g zap\u0142a\u0107.<\/li><li>W przysz\u0142\u0105 niedziel\u0119 zbi\u00f3rka do puszek na Katolicki O\u015brodek Adopcyjny.<\/li><li>W poniedzia\u0142ek 26.08 \u2013 uroczysto\u015b\u0107 MB Cz\u0119stochowskiej.<\/li><li>Jest ju\u017c Ksi\u0105\u017cka intencji Mszalnych na rok 2025 \u2013 mo\u017cna zamawia\u0107 intencje.<\/li><li>Stowarzyszenie Honorowych Dawc\u00f3w Krwi Radzymin wsp\u00f3lnie z OSP Kulig\u00f3w zapraszaj\u0105 na akcj\u0119 krwiodawstwa w Kuligowie 31.08.2024 g. 9.00 \u2013 13.00<\/li><li>Zach\u0119camy do nabywania i czytania prasy katolickiej, tygodnika \u00a0\u201eIdziemy\u201d.<\/li><li>\u017byczymy radosnego dobrego odpoczynku zapraszaj\u0105c do naszej pi\u0119knej \u015bwi\u0105tyni.<\/li><\/ol>\n\n\n\n<h4><strong>Intencje Mszalne<\/strong><\/h4>\n\n\n\n<figure class=\"wp-block-table\"><table><tbody><tr><td><strong>Data<\/strong><\/td><td><strong>dzie\u0144<\/strong><\/td><td><strong>Godzina<\/strong><\/td><td><strong>Intencja<\/strong><\/td><\/tr><tr><td><strong>25.08<\/strong><\/td><td><strong>Niedziela<\/strong><\/td><td>9.00<\/td><td>+ 5 r. \u015bm. Hieronima Ga\u0142eckiego<\/td><\/tr><tr><td>&nbsp;<\/td><td>&nbsp;<\/td><td>11.00<\/td><td>+ Sebastiana Bu\u015bko<\/td><\/tr><tr><td>&nbsp;<\/td><td>&nbsp;<\/td><td>13.00<\/td><td>+ Jerzego 37 r. \u015bm. i + Jadwig\u0119 19 r. \u015bm. Mianowskich<\/td><\/tr><tr><td>26.08<\/td><td>Poniedzia\u0142ek<\/td><td>19.00<\/td><td>Z okazji zbli\u017caj\u0105cych si\u0119 90 urodzin Zofii Kaliszewskiej<\/td><\/tr><tr><td>27.08<\/td><td>Wtorek<\/td><td>7.00<\/td><td>za parafian<\/td><\/tr><tr><td>28.08<\/td><td>\u015aroda<\/td><td>19.00<\/td><td>+ J\u00f3zef\u0119, Jana Koc<\/td><\/tr><tr><td>29.08<\/td><td>Czwartek<\/td><td>7.00<\/td><td>&nbsp;<\/td><\/tr><tr><td>30.08<\/td><td>Pi\u0105tek<\/td><td>19.00<\/td><td>+ J\u00f3zefa Augustyniaka<\/td><\/tr><tr><td>31.08<\/td><td>Sobota<\/td><td>19.00<\/td><td>+ Rafa\u0142a M\u0142oduchowskiego<\/td><\/tr><tr><td><strong>01.09<\/strong><\/td><td><strong>Niedziela<\/strong><\/td><td>9.00<\/td><td>+ Stefana i Stefani\u0119 Za\u0142\u0119skich<\/td><\/tr><tr><td>&nbsp;<\/td><td>&nbsp;<\/td><td>11.00<\/td><td>+ Krzysztofa i Helen\u0119 Troszczy\u0144skich<\/td><\/tr><\/tbody><\/table><\/figure>\n","protected":false},"excerpt":{"rendered":"<p>W ubieg\u0142\u0105 niedziel\u0119 prze\u017cywali\u015bmy odpust parafialny. Serdeczne B\u00f3g zap\u0142a\u0107 wszystkim kt\u00f3rzy w jakikolwiek spos\u00f3b przyczynili si\u0119 do przygotowania i przeprowadzenia tej Uroczysto\u015bci. Dzi\u0119kuj\u0119 OSP z Kuligowa za obecno\u015b\u0107 z pocztem sztandarowym oraz udzia\u0142 w procesji, dzi\u0119kuj\u0119 paniom z Ko\u0142a Gospody\u0144 Wiejskich za przygotowanie obiadu, dzi\u0119kuje za wszystkie wykonane prace i [&hellip;]<\/p>\n","protected":false},"author":2,"featured_media":0,"comment_status":"closed","ping_status":"closed","sticky":false,"template":"","format":"standard","meta":[],"categories":[2],"tags":[],"_links":{"self":[{"href":"http:\/\/www.parafiakuligow.pl\/index.php\/wp-json\/wp\/v2\/posts\/2787"}],"collection":[{"href":"http:\/\/www.parafiakuligow.pl\/index.php\/wp-json\/wp\/v2\/posts"}],"about":[{"href":"http:\/\/www.parafiakuligow.pl\/index.php\/wp-json\/wp\/v2\/types\/post"}],"author":[{"embeddable":true,"href":"http:\/\/www.parafiakuligow.pl\/index.php\/wp-json\/wp\/v2\/users\/2"}],"replies":[{"embeddable":true,"href":"http:\/\/www.parafiakuligow.pl\/index.php\/wp-json\/wp\/v2\/comments?post=2787"}],"version-history":[{"count":3,"href":"http:\/\/www.parafiakuligow.pl\/index.php\/wp-json\/wp\/v2\/posts\/2787\/revisions"}],"predecessor-version":[{"id":2792,"href":"http:\/\/www.parafiakuligow.pl\/index.php\/wp-json\/wp\/v2\/posts\/2787\/revisions\/2792"}],"wp:attachment":[{"href":"http:\/\/www.parafiakuligow.pl\/index.php\/wp-json\/wp\/v2\/media?parent=2787"}],"wp:term":[{"taxonomy":"category","embeddable":true,"href":"http:\/\/www.parafiakuligow.pl\/index.php\/wp-json\/wp\/v2\/categories?post=2787"},{"taxonomy":"post_tag","embeddable":true,"href":"http:\/\/www.parafiakuligow.pl\/index.php\/wp-json\/wp\/v2\/tags?post=2787"}],"curies":[{"name":"wp","href":"https:\/\/api.w.org\/{rel}","templated":true}]}}