{"id":276,"date":"2016-01-02T10:34:05","date_gmt":"2016-01-02T09:34:05","guid":{"rendered":"http:\/\/www.parafiakuligow.pl\/?p=276"},"modified":"2016-01-02T10:34:05","modified_gmt":"2016-01-02T09:34:05","slug":"zaproszenie-na-koncert-wieczor-trzech-kroli-z-gosciem-specjalnym","status":"publish","type":"post","link":"http:\/\/www.parafiakuligow.pl\/index.php\/2016\/01\/02\/zaproszenie-na-koncert-wieczor-trzech-kroli-z-gosciem-specjalnym\/","title":{"rendered":"Zaproszenie na koncert &#8222;Wiecz\u00f3r Trzech Kr\u00f3li&#8221; z go\u015bciem specjalnym!"},"content":{"rendered":"<p style=\"text-align: center;\"><a href=\"http:\/\/www.parafiakuligow.pl\/wp-content\/uploads\/2016\/01\/zaproszenie-na-koncert-w-3-Kr\u00f3li-1-1.png\" rel=\"attachment wp-att-278\"><img loading=\"lazy\" class=\"alignnone size-full wp-image-278\" src=\"http:\/\/www.parafiakuligow.pl\/wp-content\/uploads\/2016\/01\/zaproszenie-na-koncert-w-3-Kr\u00f3li-1-1.png\" alt=\"zaproszenie na koncert w 3 Kr\u00f3li\" width=\"568\" height=\"800\" srcset=\"http:\/\/www.parafiakuligow.pl\/wp-content\/uploads\/2016\/01\/zaproszenie-na-koncert-w-3-Kr\u00f3li-1-1.png 568w, http:\/\/www.parafiakuligow.pl\/wp-content\/uploads\/2016\/01\/zaproszenie-na-koncert-w-3-Kr\u00f3li-1-1-213x300.png 213w\" sizes=\"(max-width: 568px) 100vw, 568px\" \/><\/a><\/p>\n","protected":false},"excerpt":{"rendered":"","protected":false},"author":1,"featured_media":0,"comment_status":"closed","ping_status":"open","sticky":false,"template":"","format":"standard","meta":[],"categories":[1],"tags":[],"_links":{"self":[{"href":"http:\/\/www.parafiakuligow.pl\/index.php\/wp-json\/wp\/v2\/posts\/276"}],"collection":[{"href":"http:\/\/www.parafiakuligow.pl\/index.php\/wp-json\/wp\/v2\/posts"}],"about":[{"href":"http:\/\/www.parafiakuligow.pl\/index.php\/wp-json\/wp\/v2\/types\/post"}],"author":[{"embeddable":true,"href":"http:\/\/www.parafiakuligow.pl\/index.php\/wp-json\/wp\/v2\/users\/1"}],"replies":[{"embeddable":true,"href":"http:\/\/www.parafiakuligow.pl\/index.php\/wp-json\/wp\/v2\/comments?post=276"}],"version-history":[{"count":1,"href":"http:\/\/www.parafiakuligow.pl\/index.php\/wp-json\/wp\/v2\/posts\/276\/revisions"}],"predecessor-version":[{"id":279,"href":"http:\/\/www.parafiakuligow.pl\/index.php\/wp-json\/wp\/v2\/posts\/276\/revisions\/279"}],"wp:attachment":[{"href":"http:\/\/www.parafiakuligow.pl\/index.php\/wp-json\/wp\/v2\/media?parent=276"}],"wp:term":[{"taxonomy":"category","embeddable":true,"href":"http:\/\/www.parafiakuligow.pl\/index.php\/wp-json\/wp\/v2\/categories?post=276"},{"taxonomy":"post_tag","embeddable":true,"href":"http:\/\/www.parafiakuligow.pl\/index.php\/wp-json\/wp\/v2\/tags?post=276"}],"curies":[{"name":"wp","href":"https:\/\/api.w.org\/{rel}","templated":true}]}}