{"id":2752,"date":"2024-07-14T00:57:00","date_gmt":"2024-07-13T22:57:00","guid":{"rendered":"https:\/\/www.parafiakuligow.pl\/?p=2752"},"modified":"2024-07-13T23:00:29","modified_gmt":"2024-07-13T21:00:29","slug":"2752","status":"publish","type":"post","link":"http:\/\/www.parafiakuligow.pl\/index.php\/2024\/07\/14\/2752\/","title":{"rendered":"14 Lipiec 2024"},"content":{"rendered":"\n<ol type=\"1\"><li>Uwaga! \u2013 og\u0142oszenie wa\u017cne g\u0142\u00f3wnie dla dzia\u0142kowicz\u00f3w. Mo\u017cna zaprosi\u0107 Ksi\u0119dza na B\u0142ogos\u0142awie\u0144stwo i po\u015bwi\u0119cenie dom\u00f3w. Termin i godzina do uzgodnienia telefonicznie (503-162-291) b\u0105d\u017a w kancelarii parafialnej.<\/li><li>Informujemy, i\u017c w miesi\u0105cach lipiec, sierpie\u0144 i wrzesie\u0144, g\u0142\u00f3wnie w tygodniu jest du\u017co wolnych intencji Mszalnych. Zapraszamy ch\u0119tnych do zamawiania intencji i wsp\u00f3ln\u0105 modlitw\u0119 na Mszach \u015bw.<\/li><li>W przysz\u0142\u0105 niedziel\u0119 po wszystkich Mszach \u015bw. b\u0119dzie po\u015bwi\u0119cenie pojazd\u00f3w i b\u0142ogos\u0142awie\u0144stwo kierowc\u00f3w w ramach akcji \u015bw. Krzysztof 1gr za 1km \u2013 MIVA Polska. Ofiary w znacznej cz\u0119\u015bci b\u0119d\u0105 przekazane na pojazdy misyjne. Zapraszamy.<\/li><li>Zach\u0119camy do nabywania i czytania tygodnika \u201eIdziemy\u201d.<\/li><li>\u017byczymy radosnego dobrego odpoczynku zapraszaj\u0105c do naszej pi\u0119knej \u015bwi\u0105tyni.<\/li><\/ol>\n\n\n\n<h4><strong>Intencje Mszalne<\/strong><\/h4>\n\n\n\n<figure class=\"wp-block-table\"><table><tbody><tr><td><strong>Data<\/strong><\/td><td><strong>dzie\u0144<\/strong><\/td><td><strong>Godzina<\/strong><\/td><td><strong>Intencja<\/strong><\/td><\/tr><tr><td><strong>14.07<\/strong><\/td><td><strong>Niedziela<\/strong><\/td><td>9.00<\/td><td>w intencji Kuby Karasiewicza &#8211; urodzinowe<\/td><\/tr><tr><td>&nbsp;<\/td><td>&nbsp;<\/td><td>11.00<\/td><td>+ Henryk\u0119 Wo\u017aniak<\/td><\/tr><tr><td>&nbsp;<\/td><td>&nbsp;<\/td><td>13.00<\/td><td>+ Czes\u0142aw\u0119 Mianowsk\u0105<\/td><\/tr><tr><td>15.07<\/td><td>Poniedzia\u0142ek<\/td><td>19.00<\/td><td>+ Zygmunt Pietrucha<\/td><\/tr><tr><td>16.07<\/td><td>Wtorek<\/td><td>7.00<\/td><td>za parafian<\/td><\/tr><tr><td>17.07<\/td><td>\u015aroda<\/td><td>19.00<\/td><td>W 18 r. \u015bm. + Mariana Marca<\/td><\/tr><tr><td>18.07<\/td><td>Czwartek<\/td><td>7.00<\/td><td>+ Tomasz Tomala 30 dzie\u0144 po \u015bm.<\/td><\/tr><tr><td>19.07<\/td><td>Pi\u0105tek<\/td><td>19.00<\/td><td>+ Czes\u0142aw Kaliszewski z racji imienin<\/td><\/tr><tr><td>20.07<\/td><td>Sobota<\/td><td>19.00<\/td><td>+ Jana Staszkiewicza<\/td><\/tr><tr><td><strong>21.07<\/strong><\/td><td><strong>Niedziela<\/strong><\/td><td>9.00<\/td><td>+ Feliksa Mariann\u0119 i W\u0142odzimierza Piwowarskich<\/td><\/tr><tr><td>&nbsp;<\/td><td>&nbsp;<\/td><td>11.00<\/td><td>+ King\u0119 i Tadeusza Wi\u0119ch<\/td><\/tr><tr><td>&nbsp;<\/td><td>&nbsp;<\/td><td>13.00<\/td><td>W intencji rodzin i dzieci pierwszokomunijnych &#8211; zbiorowa<\/td><\/tr><\/tbody><\/table><\/figure>\n","protected":false},"excerpt":{"rendered":"<p>Uwaga! \u2013 og\u0142oszenie wa\u017cne g\u0142\u00f3wnie dla dzia\u0142kowicz\u00f3w. Mo\u017cna zaprosi\u0107 Ksi\u0119dza na B\u0142ogos\u0142awie\u0144stwo i po\u015bwi\u0119cenie dom\u00f3w. Termin i godzina do uzgodnienia telefonicznie (503-162-291) b\u0105d\u017a w kancelarii parafialnej. Informujemy, i\u017c w miesi\u0105cach lipiec, sierpie\u0144 i wrzesie\u0144, g\u0142\u00f3wnie w tygodniu jest du\u017co wolnych intencji Mszalnych. Zapraszamy ch\u0119tnych do zamawiania intencji i wsp\u00f3ln\u0105 modlitw\u0119 [&hellip;]<\/p>\n","protected":false},"author":2,"featured_media":0,"comment_status":"closed","ping_status":"closed","sticky":false,"template":"","format":"standard","meta":[],"categories":[2],"tags":[],"_links":{"self":[{"href":"http:\/\/www.parafiakuligow.pl\/index.php\/wp-json\/wp\/v2\/posts\/2752"}],"collection":[{"href":"http:\/\/www.parafiakuligow.pl\/index.php\/wp-json\/wp\/v2\/posts"}],"about":[{"href":"http:\/\/www.parafiakuligow.pl\/index.php\/wp-json\/wp\/v2\/types\/post"}],"author":[{"embeddable":true,"href":"http:\/\/www.parafiakuligow.pl\/index.php\/wp-json\/wp\/v2\/users\/2"}],"replies":[{"embeddable":true,"href":"http:\/\/www.parafiakuligow.pl\/index.php\/wp-json\/wp\/v2\/comments?post=2752"}],"version-history":[{"count":7,"href":"http:\/\/www.parafiakuligow.pl\/index.php\/wp-json\/wp\/v2\/posts\/2752\/revisions"}],"predecessor-version":[{"id":2762,"href":"http:\/\/www.parafiakuligow.pl\/index.php\/wp-json\/wp\/v2\/posts\/2752\/revisions\/2762"}],"wp:attachment":[{"href":"http:\/\/www.parafiakuligow.pl\/index.php\/wp-json\/wp\/v2\/media?parent=2752"}],"wp:term":[{"taxonomy":"category","embeddable":true,"href":"http:\/\/www.parafiakuligow.pl\/index.php\/wp-json\/wp\/v2\/categories?post=2752"},{"taxonomy":"post_tag","embeddable":true,"href":"http:\/\/www.parafiakuligow.pl\/index.php\/wp-json\/wp\/v2\/tags?post=2752"}],"curies":[{"name":"wp","href":"https:\/\/api.w.org\/{rel}","templated":true}]}}