{"id":2740,"date":"2024-07-07T11:35:23","date_gmt":"2024-07-07T09:35:23","guid":{"rendered":"https:\/\/www.parafiakuligow.pl\/?p=2740"},"modified":"2024-07-07T11:42:30","modified_gmt":"2024-07-07T09:42:30","slug":"7-lipiec-2024","status":"publish","type":"post","link":"http:\/\/www.parafiakuligow.pl\/index.php\/2024\/07\/07\/7-lipiec-2024\/","title":{"rendered":"7 Lipiec 2024"},"content":{"rendered":"\n<ol type=\"1\"><li>Uwaga! \u2013 og\u0142oszenie wa\u017cne g\u0142\u00f3wnie dla dzia\u0142kowicz\u00f3w. Mo\u017cna zaprosi\u0107 Ksi\u0119dza na B\u0142ogos\u0142awie\u0144stwo i po\u015bwi\u0119cenie dom\u00f3w. Termin i godzina do uzgodnienia telefonicznie (503-162-291) b\u0105d\u017a w kancelarii parafialnej.<\/li><li>Informujemy, i\u017c w miesi\u0105cach lipiec, sierpie\u0144 i wrzesie\u0144, g\u0142\u00f3wnie w tygodniu jest du\u017co wolnych intencji Mszalnych. Zapraszamy ch\u0119tnych do zamawiania intencji i wsp\u00f3ln\u0105 modlitw\u0119 na Mszach \u015bw.<\/li><li>Zach\u0119camy do nabywania i czytania tygodnika \u201eIdziemy\u201d.<\/li><li>\u017byczymy radosnego dobrego odpoczynku zapraszaj\u0105c do naszej pi\u0119knej \u015bwi\u0105tyni<\/li><\/ol>\n\n\n\n<h3>Intencje Mszalne<\/h3>\n\n\n\n<div class=\"wp-block-columns\">\n<div class=\"wp-block-column\" style=\"flex-basis:100%\">\n<figure class=\"wp-block-table\"><table><tbody><tr><td><strong>Data<\/strong><\/td><td><strong>dzie\u0144<\/strong><\/td><td><strong>Godzina<\/strong><\/td><td><strong>Intencja<\/strong><\/td><\/tr><tr><td>07.07<\/td><td><strong>Niedziela<\/strong><\/td><td>9.00<\/td><td>+ Czarnecki Zdzis\u0142aw 7 r. \u015bm. +Witeska Adam \u2013 syn 17 r. \u015bm<\/td><\/tr><tr><td>&nbsp;<\/td><td>&nbsp;<\/td><td>11.00<\/td><td>+ Eugeniusza i Jadwig\u0119 So\u0142owiej<\/td><\/tr><tr><td>&nbsp;<\/td><td>&nbsp;<\/td><td>13.00<\/td><td>+ Henryka i Janin\u0119 Garbacz i dziadk\u00f3w Garbacz\u00f3w<\/td><\/tr><tr><td>08.07<\/td><td>Poniedzia\u0142ek<\/td><td>19.00<\/td><td>&nbsp;<\/td><\/tr><tr><td>09.07<\/td><td>Wtorek<\/td><td>7.00<\/td><td>&nbsp;za parafian<\/td><\/tr><tr><td>10.07<\/td><td>\u015aroda<\/td><td>19.00<\/td><td>&nbsp;<\/td><\/tr><tr><td>11.07<\/td><td>Czwartek<\/td><td>7.00<\/td><td>&nbsp;<\/td><\/tr><tr><td>12.07<\/td><td>Pi\u0105tek<\/td><td>19.00<\/td><td>&nbsp;<\/td><\/tr><tr><td>13.07<\/td><td>Sobota<\/td><td>19.00<\/td><td>&nbsp;+ Pawe\u0142 Trojanowski<\/td><\/tr><tr><td>14.07<\/td><td><strong>Niedziela<\/strong><\/td><td>9.00<\/td><td>&nbsp;w intencji Kuby Karasiewicza &#8211; urodzinowe<\/td><\/tr><tr><td>&nbsp;<\/td><td>&nbsp;<\/td><td>11.00<\/td><td>&nbsp;+ Henryk\u0119 Wo\u017aniak<\/td><\/tr><tr><td>&nbsp;<\/td><td>&nbsp;<\/td><td>13.00<\/td><td>&nbsp;+ Czes\u0142aw\u0119 Mianowsk\u0105<\/td><\/tr><\/tbody><\/table><\/figure>\n<\/div>\n<\/div>\n","protected":false},"excerpt":{"rendered":"<p>Uwaga! \u2013 og\u0142oszenie wa\u017cne g\u0142\u00f3wnie dla dzia\u0142kowicz\u00f3w. Mo\u017cna zaprosi\u0107 Ksi\u0119dza na B\u0142ogos\u0142awie\u0144stwo i po\u015bwi\u0119cenie dom\u00f3w. Termin i godzina do uzgodnienia telefonicznie (503-162-291) b\u0105d\u017a w kancelarii parafialnej. Informujemy, i\u017c w miesi\u0105cach lipiec, sierpie\u0144 i wrzesie\u0144, g\u0142\u00f3wnie w tygodniu jest du\u017co wolnych intencji Mszalnych. Zapraszamy ch\u0119tnych do zamawiania intencji i wsp\u00f3ln\u0105 modlitw\u0119 [&hellip;]<\/p>\n","protected":false},"author":2,"featured_media":0,"comment_status":"closed","ping_status":"closed","sticky":false,"template":"","format":"standard","meta":[],"categories":[2],"tags":[],"_links":{"self":[{"href":"http:\/\/www.parafiakuligow.pl\/index.php\/wp-json\/wp\/v2\/posts\/2740"}],"collection":[{"href":"http:\/\/www.parafiakuligow.pl\/index.php\/wp-json\/wp\/v2\/posts"}],"about":[{"href":"http:\/\/www.parafiakuligow.pl\/index.php\/wp-json\/wp\/v2\/types\/post"}],"author":[{"embeddable":true,"href":"http:\/\/www.parafiakuligow.pl\/index.php\/wp-json\/wp\/v2\/users\/2"}],"replies":[{"embeddable":true,"href":"http:\/\/www.parafiakuligow.pl\/index.php\/wp-json\/wp\/v2\/comments?post=2740"}],"version-history":[{"count":9,"href":"http:\/\/www.parafiakuligow.pl\/index.php\/wp-json\/wp\/v2\/posts\/2740\/revisions"}],"predecessor-version":[{"id":2751,"href":"http:\/\/www.parafiakuligow.pl\/index.php\/wp-json\/wp\/v2\/posts\/2740\/revisions\/2751"}],"wp:attachment":[{"href":"http:\/\/www.parafiakuligow.pl\/index.php\/wp-json\/wp\/v2\/media?parent=2740"}],"wp:term":[{"taxonomy":"category","embeddable":true,"href":"http:\/\/www.parafiakuligow.pl\/index.php\/wp-json\/wp\/v2\/categories?post=2740"},{"taxonomy":"post_tag","embeddable":true,"href":"http:\/\/www.parafiakuligow.pl\/index.php\/wp-json\/wp\/v2\/tags?post=2740"}],"curies":[{"name":"wp","href":"https:\/\/api.w.org\/{rel}","templated":true}]}}