{"id":2733,"date":"2024-06-30T08:41:00","date_gmt":"2024-06-30T06:41:00","guid":{"rendered":"https:\/\/www.parafiakuligow.pl\/?p=2733"},"modified":"2024-06-29T16:42:59","modified_gmt":"2024-06-29T14:42:59","slug":"30-czerwiec-2024","status":"publish","type":"post","link":"http:\/\/www.parafiakuligow.pl\/index.php\/2024\/06\/30\/30-czerwiec-2024\/","title":{"rendered":"30 czerwiec 2024"},"content":{"rendered":"\n<ol type=\"1\"><li>W tym tygodniu Ks. Proboszcz b\u0119dzie przebywa\u0142 na urlopie. Msze \u015bw. w parafii sprawowa\u0142 b\u0119dzie Ks. Proboszcz z J\u00f3zefowa. W sprawie ewentualnej pos\u0142ugi prosz\u0119 kontaktowa\u0107 si\u0119 telefonicznie. Nr tel. w gablocie parafialnej.<\/li><li>Z racji pierwszego pi\u0105tku miesi\u0105ca wystawienie Naj\u015bwi\u0119tszego Sakramentu i spowied\u017a od godz. 18:30.<\/li><li>Zach\u0119camy do nabywania i czytania tygodnika \u201eIdziemy\u201d.<\/li><li>\u017byczymy radosnego dobrego odpoczynku zapraszaj\u0105c do naszej pi\u0119knej \u015bwi\u0105tyni.<\/li><\/ol>\n\n\n\n<h4 class=\"has-text-align-center\"><strong>Intencje Mszalne<\/strong><\/h4>\n\n\n\n<h4 class=\"has-text-align-center\"><strong>30.06 \u2013 07.07.2024r<\/strong><\/h4>\n\n\n\n<p><strong>Niedziela 30.06.2024<\/strong><\/p>\n\n\n\n<p>g. 9:00&nbsp;&nbsp;&nbsp;&nbsp;&nbsp;&nbsp;&nbsp;&nbsp; + Mariann\u0119 Szyma\u0144sk\u0105 i Kazimierza Szyma\u0144skiego<\/p>\n\n\n\n<p>g. 11:00&nbsp;&nbsp;&nbsp;&nbsp;&nbsp;&nbsp; + Eugeniusza i Jadwig\u0119 So\u0142owiej<\/p>\n\n\n\n<p>g. 13:00&nbsp;&nbsp;&nbsp;&nbsp;&nbsp;&nbsp; + Henryka i Janin\u0119 Garbacz i dziadk\u00f3w Garbacz\u00f3w<\/p>\n\n\n\n<p><strong>Poniedzia\u0142ek 01.07.2024<\/strong><\/p>\n\n\n\n<p>g. 19:00&nbsp;&nbsp;&nbsp;&nbsp;&nbsp;&nbsp; + Barbar\u0119 D\u0105browsk\u0105<\/p>\n\n\n\n<p><strong>Wtorek 02.07.2024<\/strong><\/p>\n\n\n\n<p>g. 7:00 &nbsp;&nbsp;&nbsp;&nbsp;&nbsp;&nbsp;&nbsp; + J\u00f3zef Bielecki<\/p>\n\n\n\n<p><strong>\u015aroda 03.07.2024<\/strong><\/p>\n\n\n\n<p>g. 19:00&nbsp;&nbsp;&nbsp;&nbsp;&nbsp;&nbsp; + El\u017cbiet\u0119 Ros\u0142on<\/p>\n\n\n\n<p><strong>Czwartek 04.07.2024<\/strong><\/p>\n\n\n\n<p>g. 7:00&nbsp;&nbsp;&nbsp;&nbsp;&nbsp;&nbsp;&nbsp;&nbsp; za parafian<\/p>\n\n\n\n<p><strong>Pi\u0105tek 05.07.2024<\/strong><\/p>\n\n\n\n<p>g. 19:00&nbsp;&nbsp;&nbsp;&nbsp;&nbsp;&nbsp; + Stanis\u0142aw\u0119 Wojciechowsk\u0105<\/p>\n\n\n\n<p><strong>Sobota 06.07.2024<\/strong><\/p>\n\n\n\n<p>g. 19:00&nbsp;&nbsp;&nbsp;&nbsp;&nbsp;&nbsp; z okazji 85 rocznicy urodzin Miros\u0142awy Za\u0142\u0119skiej<\/p>\n\n\n\n<p><strong>Niedziela 07.07.2024<\/strong><\/p>\n\n\n\n<p>g. 9:00&nbsp;&nbsp;&nbsp;&nbsp;&nbsp;&nbsp;&nbsp;&nbsp; + Czarnecki Zdzis\u0142aw 7 r. \u015bm. +Witeska Adam \u2013 syn 17 r. \u015bm.<\/p>\n\n\n\n<p>g. 11:00&nbsp;&nbsp;&nbsp;&nbsp;&nbsp;&nbsp; + Ew\u0119 Diakowsk\u0105, Genowef\u0119, J\u00f3zefa Jusi\u0144skich, Leszka Klimkiewicz<\/p>\n\n\n\n<p>g. 13:00&nbsp;&nbsp;&nbsp;&nbsp;&nbsp;&nbsp; + Helena Tylutka<\/p>\n","protected":false},"excerpt":{"rendered":"<p>W tym tygodniu Ks. Proboszcz b\u0119dzie przebywa\u0142 na urlopie. Msze \u015bw. w parafii sprawowa\u0142 b\u0119dzie Ks. Proboszcz z J\u00f3zefowa. W sprawie ewentualnej pos\u0142ugi prosz\u0119 kontaktowa\u0107 si\u0119 telefonicznie. Nr tel. w gablocie parafialnej. Z racji pierwszego pi\u0105tku miesi\u0105ca wystawienie Naj\u015bwi\u0119tszego Sakramentu i spowied\u017a od godz. 18:30. Zach\u0119camy do nabywania i czytania [&hellip;]<\/p>\n","protected":false},"author":2,"featured_media":0,"comment_status":"closed","ping_status":"closed","sticky":false,"template":"","format":"standard","meta":[],"categories":[2],"tags":[],"_links":{"self":[{"href":"http:\/\/www.parafiakuligow.pl\/index.php\/wp-json\/wp\/v2\/posts\/2733"}],"collection":[{"href":"http:\/\/www.parafiakuligow.pl\/index.php\/wp-json\/wp\/v2\/posts"}],"about":[{"href":"http:\/\/www.parafiakuligow.pl\/index.php\/wp-json\/wp\/v2\/types\/post"}],"author":[{"embeddable":true,"href":"http:\/\/www.parafiakuligow.pl\/index.php\/wp-json\/wp\/v2\/users\/2"}],"replies":[{"embeddable":true,"href":"http:\/\/www.parafiakuligow.pl\/index.php\/wp-json\/wp\/v2\/comments?post=2733"}],"version-history":[{"count":4,"href":"http:\/\/www.parafiakuligow.pl\/index.php\/wp-json\/wp\/v2\/posts\/2733\/revisions"}],"predecessor-version":[{"id":2738,"href":"http:\/\/www.parafiakuligow.pl\/index.php\/wp-json\/wp\/v2\/posts\/2733\/revisions\/2738"}],"wp:attachment":[{"href":"http:\/\/www.parafiakuligow.pl\/index.php\/wp-json\/wp\/v2\/media?parent=2733"}],"wp:term":[{"taxonomy":"category","embeddable":true,"href":"http:\/\/www.parafiakuligow.pl\/index.php\/wp-json\/wp\/v2\/categories?post=2733"},{"taxonomy":"post_tag","embeddable":true,"href":"http:\/\/www.parafiakuligow.pl\/index.php\/wp-json\/wp\/v2\/tags?post=2733"}],"curies":[{"name":"wp","href":"https:\/\/api.w.org\/{rel}","templated":true}]}}