{"id":2717,"date":"2024-06-16T08:59:47","date_gmt":"2024-06-16T06:59:47","guid":{"rendered":"https:\/\/www.parafiakuligow.pl\/?p=2717"},"modified":"2024-06-16T09:00:16","modified_gmt":"2024-06-16T07:00:16","slug":"16-czerwiec-2024","status":"publish","type":"post","link":"http:\/\/www.parafiakuligow.pl\/index.php\/2024\/06\/16\/16-czerwiec-2024\/","title":{"rendered":"16 czerwiec 2024"},"content":{"rendered":"\n<ol type=\"1\"><li>Przypominamy rodzicom, dzieciom i m\u0142odzie\u017cy o spowiedzi na zako\u0144czenie roku szkolnego i udziale w Mszy \u015bw. dzi\u0119kujemy.<\/li><li>&nbsp;Po Mszy \u015bw. zbi\u00f3rka do puszek na utrzymanie parafii \u015bw. Augustyna w Sierra Leone w Afryce.<\/li><li>Zach\u0119camy do nabywania i czytania tygodnika \u201eIdziemy\u201d.<\/li><li>\u017byczymy radosnego dobrego odpoczynku zapraszaj\u0105c do naszej pi\u0119knej \u015bwi\u0105tyni.<\/li><\/ol>\n\n\n\n<h4 class=\"has-text-align-center\"><strong>Intencje Mszalne<\/strong><\/h4>\n\n\n\n<h4 class=\"has-text-align-center\"><strong>16.06 \u2013 23.06.2024r<\/strong><\/h4>\n\n\n\n<p><strong>Niedziela 16.05.2024<\/strong><\/p>\n\n\n\n<p>g. 9:00&nbsp;&nbsp;&nbsp;&nbsp;&nbsp;&nbsp;&nbsp;&nbsp; + Oliwie G\u0142owa 1 r.\u015bm.<\/p>\n\n\n\n<p>g. 11:00&nbsp;&nbsp;&nbsp;&nbsp;&nbsp;&nbsp; + Aniel\u0119 i Sabin\u0119 Py\u015bkiewicz<\/p>\n\n\n\n<p>g. 13:00&nbsp;&nbsp;&nbsp;&nbsp;&nbsp;&nbsp; + Kazimierza \u017bochowskiego<\/p>\n\n\n\n<p><strong>Poniedzia\u0142ek 17.06.2024<\/strong><\/p>\n\n\n\n<p>g. 19:00&nbsp;&nbsp;&nbsp;&nbsp;&nbsp;&nbsp; + Zygmunta Pietrucha<\/p>\n\n\n\n<p><strong>Wtorek 18.06.2024<\/strong><\/p>\n\n\n\n<p>g. 7:00 &nbsp;&nbsp;&nbsp;&nbsp;&nbsp;&nbsp;&nbsp; + Hieronima Za\u0142\u0119skiego<\/p>\n\n\n\n<p><strong>\u015aroda 19.06.2024<\/strong><\/p>\n\n\n\n<p>g. 19:00&nbsp;&nbsp;&nbsp;&nbsp;&nbsp;&nbsp; + Jolant\u0119 Bieleck\u0105<\/p>\n\n\n\n<p>g. 19:30&nbsp;&nbsp;&nbsp;&nbsp;&nbsp;&nbsp; + Iwon\u0119 Szyma\u0144czak, Agnieszk\u0119 \u0141ukasik, Tadeusza Kapeckiego<\/p>\n\n\n\n<p><strong>Czwartek 20.06.2024<\/strong><\/p>\n\n\n\n<p>g. 7:00&nbsp;&nbsp;&nbsp;&nbsp;&nbsp;&nbsp;&nbsp;&nbsp; + Zofi\u0119 Za\u0142\u0119sk\u0105<\/p>\n\n\n\n<p><strong>Pi\u0105tek 21.06.2024<\/strong><\/p>\n\n\n\n<p>g. 19:00&nbsp;&nbsp;&nbsp;&nbsp;&nbsp;&nbsp; + Mariana Gajewskiego<\/p>\n\n\n\n<p><strong>Sobota 22.06.2024<\/strong><\/p>\n\n\n\n<p>g. 19:00&nbsp;&nbsp;&nbsp;&nbsp;&nbsp;&nbsp; + Jadwig\u0119, Jana Getka, Iren\u0119 Malesa, rodzin\u0119 Rzepo\u0142uch<\/p>\n\n\n\n<p><strong>Niedziela 23.05.2024<\/strong><\/p>\n\n\n\n<p>g. 9:00&nbsp;&nbsp;&nbsp;&nbsp;&nbsp;&nbsp;&nbsp;&nbsp; + Teres\u0119 Krysik<\/p>\n\n\n\n<p>g. 11:00&nbsp;&nbsp;&nbsp;&nbsp;&nbsp;&nbsp; + Jana Getka<\/p>\n\n\n\n<p>g. 13:00&nbsp;&nbsp;&nbsp;&nbsp;&nbsp;&nbsp; + Jadwig\u0119 Rokick\u0105<\/p>\n","protected":false},"excerpt":{"rendered":"<p>Przypominamy rodzicom, dzieciom i m\u0142odzie\u017cy o spowiedzi na zako\u0144czenie roku szkolnego i udziale w Mszy \u015bw. dzi\u0119kujemy. &nbsp;Po Mszy \u015bw. zbi\u00f3rka do puszek na utrzymanie parafii \u015bw. Augustyna w Sierra Leone w Afryce. Zach\u0119camy do nabywania i czytania tygodnika \u201eIdziemy\u201d. \u017byczymy radosnego dobrego odpoczynku zapraszaj\u0105c do naszej pi\u0119knej \u015bwi\u0105tyni. Intencje [&hellip;]<\/p>\n","protected":false},"author":2,"featured_media":0,"comment_status":"closed","ping_status":"closed","sticky":false,"template":"","format":"standard","meta":[],"categories":[2],"tags":[],"_links":{"self":[{"href":"http:\/\/www.parafiakuligow.pl\/index.php\/wp-json\/wp\/v2\/posts\/2717"}],"collection":[{"href":"http:\/\/www.parafiakuligow.pl\/index.php\/wp-json\/wp\/v2\/posts"}],"about":[{"href":"http:\/\/www.parafiakuligow.pl\/index.php\/wp-json\/wp\/v2\/types\/post"}],"author":[{"embeddable":true,"href":"http:\/\/www.parafiakuligow.pl\/index.php\/wp-json\/wp\/v2\/users\/2"}],"replies":[{"embeddable":true,"href":"http:\/\/www.parafiakuligow.pl\/index.php\/wp-json\/wp\/v2\/comments?post=2717"}],"version-history":[{"count":4,"href":"http:\/\/www.parafiakuligow.pl\/index.php\/wp-json\/wp\/v2\/posts\/2717\/revisions"}],"predecessor-version":[{"id":2721,"href":"http:\/\/www.parafiakuligow.pl\/index.php\/wp-json\/wp\/v2\/posts\/2717\/revisions\/2721"}],"wp:attachment":[{"href":"http:\/\/www.parafiakuligow.pl\/index.php\/wp-json\/wp\/v2\/media?parent=2717"}],"wp:term":[{"taxonomy":"category","embeddable":true,"href":"http:\/\/www.parafiakuligow.pl\/index.php\/wp-json\/wp\/v2\/categories?post=2717"},{"taxonomy":"post_tag","embeddable":true,"href":"http:\/\/www.parafiakuligow.pl\/index.php\/wp-json\/wp\/v2\/tags?post=2717"}],"curies":[{"name":"wp","href":"https:\/\/api.w.org\/{rel}","templated":true}]}}