{"id":2696,"date":"2024-05-26T08:28:52","date_gmt":"2024-05-26T06:28:52","guid":{"rendered":"https:\/\/www.parafiakuligow.pl\/?p=2696"},"modified":"2024-05-26T08:29:27","modified_gmt":"2024-05-26T06:29:27","slug":"26-maj-2024","status":"publish","type":"post","link":"http:\/\/www.parafiakuligow.pl\/index.php\/2024\/05\/26\/26-maj-2024\/","title":{"rendered":"26 maj 2024"},"content":{"rendered":"\n<ol type=\"1\"><li>W tym tygodniu w czwartek 30.05.2024 Uroczysto\u015b\u0107 Naj\u015bwi\u0119tszego Cia\u0142a i Krwi Chrystusa. G\u0142\u00f3wna Msza \u015bw. o godz. 9.00 z procesj\u0105 do czterech o\u0142tarzy, druga Msza \u015bw. o godz. 12.00. Zapraszamy wszystkie zespo\u0142y&nbsp; R\u00f3\u017ce R\u00f3\u017ca\u0144cowe, ministrant\u00f3w, dzieci pierwszokomunijne i rocznicowe z rodzicami do sypania kwiat\u00f3w, zapraszam OSP z Kuligowa i Ko\u0142o Gospody\u0144 i prosz\u0119 o pomoc w zorganizowaniu Procesji. W dzisiejsz\u0105 niedziel\u0119 po Mszach \u015bw. o godz. 9.00 i 13.00 b\u0119d\u0105 zbierane ofiary na kwiaty do czterech o\u0142tarzy.<\/li><li>W przysz\u0142\u0105 niedziel\u0119 zbi\u00f3rka do puszek na budow\u0119 \u015awi\u0105tyni Opatrzno\u015bci Bo\u017cej.<\/li><li>W pi\u0105tek 31.05,2024 ko\u0144cz\u0105 si\u0119 nabo\u017ce\u0144stwa majowe.<\/li><li>W sobot\u0119 pierwsza sobota miesi\u0105ca o godz. 18.30 Wystawienie Naj\u015bwi\u0119tszego Sakramentu i r\u00f3\u017caniec. Msza \u015bw. o godz. 19.00.<\/li><li>Od 1.06.2024 Msze \u015bw. w dni powszednie wieczorem o godz. 19.00 w niedziel\u0119 o godz. 9.00. 11.00 i 13.00.<\/li><li>\u017byczymy radosnego dobrego odpoczynku zapraszaj\u0105c do naszej pi\u0119knej \u015bwi\u0105tyni.<\/li><\/ol>\n\n\n\n<h4 class=\"has-text-align-center\"><strong>Intencje Mszalne<\/strong><\/h4>\n\n\n\n<h4 class=\"has-text-align-center\"><strong>26.05-2.06.2024r<\/strong><\/h4>\n\n\n\n<p><strong>Niedziela 26.05.2024<\/strong><\/p>\n\n\n\n<p>g. 9:00&nbsp;&nbsp;&nbsp;&nbsp;&nbsp;&nbsp;&nbsp;&nbsp; + Zofi\u0119 Czerwi\u0144sk\u0105<\/p>\n\n\n\n<p>g. 11:00&nbsp;&nbsp;&nbsp;&nbsp;&nbsp;&nbsp; rocznica pierwszej komunii \u015bwi\u0119tej<\/p>\n\n\n\n<p>g. 13:00&nbsp;&nbsp;&nbsp;&nbsp;&nbsp;&nbsp; greg.<\/p>\n\n\n\n<p><strong>Poniedzia\u0142ek 27.05.2024<\/strong><\/p>\n\n\n\n<p>g. 18:00&nbsp;&nbsp;&nbsp;&nbsp;&nbsp;&nbsp; greg.<\/p>\n\n\n\n<p><strong>Wtorek 28.05.2024<\/strong><\/p>\n\n\n\n<p>g. 7:00 &nbsp;&nbsp;&nbsp;&nbsp;&nbsp;&nbsp;&nbsp; greg.<\/p>\n\n\n\n<p><strong>\u015aroda 29.05.2024<\/strong><\/p>\n\n\n\n<p>g. 18:00 &nbsp;&nbsp;&nbsp;&nbsp;&nbsp; greg.<\/p>\n\n\n\n<p>g. 19:00&nbsp;&nbsp;&nbsp;&nbsp;&nbsp;&nbsp; O szcz\u0119\u015bliwe rozwi\u0105zanie i B\u0142ogos\u0142awie\u0144stwo Bo\u017ce dla synka i rodzic\u00f3w<\/p>\n\n\n\n<p><strong>Czwartek 30.05.2024<\/strong><\/p>\n\n\n\n<p>g. 9:00 &nbsp;&nbsp;&nbsp;&nbsp;&nbsp;&nbsp;&nbsp; greg.<\/p>\n\n\n\n<p>g. 12:00&nbsp;&nbsp;&nbsp;&nbsp;&nbsp;&nbsp; Mariann\u0119 Karasiewicz<\/p>\n\n\n\n<p><strong>Pi\u0105tek 31.05.2024<\/strong><\/p>\n\n\n\n<p>g. 18:00&nbsp;&nbsp;&nbsp;&nbsp;&nbsp;&nbsp; +Iren\u0119 Bogdan<\/p>\n\n\n\n<p><strong>Sobota 01.06.2024<\/strong><\/p>\n\n\n\n<p>g. 19:00&nbsp;&nbsp;&nbsp;&nbsp;&nbsp;&nbsp; intencja K.\u017b.R\u00f3\u017ca\u0144ca<\/p>\n\n\n\n<p><strong>Niedziela 02.05.2024<\/strong><\/p>\n\n\n\n<p>g. 9:00&nbsp;&nbsp;&nbsp;&nbsp;&nbsp;&nbsp;&nbsp;&nbsp; + Krystyn\u0119, Beat\u0119 i Eugeniusza Zemlak<\/p>\n\n\n\n<p>g. 11:00&nbsp;&nbsp;&nbsp;&nbsp;&nbsp;&nbsp; + Jadwig\u0119 w 22r. \u015bm. + Romana Kostrzew\u00f3w<\/p>\n\n\n\n<p>g. 13:00&nbsp;&nbsp;&nbsp;&nbsp;&nbsp;&nbsp; + Genowef\u0119 i Mariana oraz Jana Przybysz<\/p>\n","protected":false},"excerpt":{"rendered":"<p>W tym tygodniu w czwartek 30.05.2024 Uroczysto\u015b\u0107 Naj\u015bwi\u0119tszego Cia\u0142a i Krwi Chrystusa. G\u0142\u00f3wna Msza \u015bw. o godz. 9.00 z procesj\u0105 do czterech o\u0142tarzy, druga Msza \u015bw. o godz. 12.00. Zapraszamy wszystkie zespo\u0142y&nbsp; R\u00f3\u017ce R\u00f3\u017ca\u0144cowe, ministrant\u00f3w, dzieci pierwszokomunijne i rocznicowe z rodzicami do sypania kwiat\u00f3w, zapraszam OSP z Kuligowa i Ko\u0142o [&hellip;]<\/p>\n","protected":false},"author":2,"featured_media":0,"comment_status":"closed","ping_status":"closed","sticky":false,"template":"","format":"standard","meta":[],"categories":[2],"tags":[],"_links":{"self":[{"href":"http:\/\/www.parafiakuligow.pl\/index.php\/wp-json\/wp\/v2\/posts\/2696"}],"collection":[{"href":"http:\/\/www.parafiakuligow.pl\/index.php\/wp-json\/wp\/v2\/posts"}],"about":[{"href":"http:\/\/www.parafiakuligow.pl\/index.php\/wp-json\/wp\/v2\/types\/post"}],"author":[{"embeddable":true,"href":"http:\/\/www.parafiakuligow.pl\/index.php\/wp-json\/wp\/v2\/users\/2"}],"replies":[{"embeddable":true,"href":"http:\/\/www.parafiakuligow.pl\/index.php\/wp-json\/wp\/v2\/comments?post=2696"}],"version-history":[{"count":4,"href":"http:\/\/www.parafiakuligow.pl\/index.php\/wp-json\/wp\/v2\/posts\/2696\/revisions"}],"predecessor-version":[{"id":2700,"href":"http:\/\/www.parafiakuligow.pl\/index.php\/wp-json\/wp\/v2\/posts\/2696\/revisions\/2700"}],"wp:attachment":[{"href":"http:\/\/www.parafiakuligow.pl\/index.php\/wp-json\/wp\/v2\/media?parent=2696"}],"wp:term":[{"taxonomy":"category","embeddable":true,"href":"http:\/\/www.parafiakuligow.pl\/index.php\/wp-json\/wp\/v2\/categories?post=2696"},{"taxonomy":"post_tag","embeddable":true,"href":"http:\/\/www.parafiakuligow.pl\/index.php\/wp-json\/wp\/v2\/tags?post=2696"}],"curies":[{"name":"wp","href":"https:\/\/api.w.org\/{rel}","templated":true}]}}