{"id":2690,"date":"2024-05-19T08:25:00","date_gmt":"2024-05-19T06:25:00","guid":{"rendered":"https:\/\/www.parafiakuligow.pl\/?p=2690"},"modified":"2024-05-26T08:27:57","modified_gmt":"2024-05-26T06:27:57","slug":"19-maj-2024","status":"publish","type":"post","link":"http:\/\/www.parafiakuligow.pl\/index.php\/2024\/05\/19\/19-maj-2024\/","title":{"rendered":"19 maj 2024"},"content":{"rendered":"\n<ol type=\"1\"><li>W dzisiejsza niedziel\u0119 prze\u017cywamy w naszej Wsp\u00f3lnocie parafialnej pierwsz\u0105 komuni\u0119 \u015bw. dzieci. Dzi\u0119kuje wszystkim kt\u00f3rzy przyczynili si\u0119 do przygotowania jej pi\u0119knej uroczysto\u015bci:<br>&#8211; rodzicom dzieci za dekoracj\u0119 \u015bwi\u0105tyni i o\u0142tarza oraz za dar<br>&#8211; dzi\u0119kuje paniom Gra\u017cynie Sta\u0144czak i El\u017cbiecie Chrzanowskiej za pomoc w przegotowaniu oprawy tej uroczysto\u015bci.<br>&#8211; dzi\u0119kuj\u0119 panu Przemys\u0142awowi Pietrucha za piel\u0119gnacj\u0119 krzew\u00f3w wok\u00f3\u0142 Ko\u015bcio\u0142a.<\/li><li>W przysz\u0142o niedziel\u0119 26.05.2024 \u2013 Uroczysto\u015b\u0107 Tr\u00f3jcy \u015aw. \u2013 na Mszy \u015bw. o godz. 11.00 rocznica pierwszej komunii \u015bw. W \u015brod\u0119 22.05.2024 o godz. 11.00 pr\u00f3ba z dzie\u0107mi i rodzicami<\/li><li>W czwartek 30.05.2024 Uroczysto\u015b\u0107 Naj\u015bwi\u0119tszego Cia\u0142a i Krwi Chrystusa. G\u0142\u00f3wna Msza \u015bw. o godz. 9.00 z procesj\u0105 do czterech o\u0142tarzy. Trasa procesji i o\u0142tarze w tym samym miejscu co w latach ubieg\u0142ych. Prosz\u0119 przygotowuj\u0105cych o\u0142tarze o odbi\u00f3r u Ksi\u0119dza Proboszcza hase\u0142 i baner\u00f3w. W dzisiejsz\u0105 oraz w przysz\u0142\u0105 niedziel\u0119 po Mszach \u015bw. o godz. 9.00 i 13.00 b\u0119d\u0105 zbierane ofiary na kwiaty do czterech o\u0142tarzy.<\/li><li>Zach\u0119camy do nabywania i czytania tygodnika \u201eIdziemy\u201d.<\/li><li>W pi\u0119knym miesi\u0105cu Maryjnym, \u017cyczymy radosnego dobrego odpoczynku zapraszaj\u0105c do naszej pi\u0119knej \u015bwi\u0105tyni.<\/li><\/ol>\n\n\n\n<h4 class=\"has-text-align-center\"><strong>Intencje Mszalne<\/strong><\/h4>\n\n\n\n<h4 class=\"has-text-align-center\"><strong>19- 26.05.2024r<\/strong><\/h4>\n\n\n\n<p><strong>Niedziela 19.05.2024<\/strong><\/p>\n\n\n\n<p>g. 9:00&nbsp;&nbsp;&nbsp;&nbsp;&nbsp;&nbsp;&nbsp;&nbsp; + El\u017cbiet\u0119 Krajewsk\u0105 w 2 r \u015b.m.<\/p>\n\n\n\n<p>g. 11:00&nbsp;&nbsp;&nbsp;&nbsp;&nbsp;&nbsp; pierwsza komunia \u015bw.<\/p>\n\n\n\n<p>g. 13:00&nbsp;&nbsp;&nbsp;&nbsp;&nbsp;&nbsp; greg.<\/p>\n\n\n\n<p><strong>Poniedzia\u0142ek 20.05.2024<\/strong><\/p>\n\n\n\n<p>g. 18:00&nbsp;&nbsp;&nbsp;&nbsp;&nbsp;&nbsp; greg.<\/p>\n\n\n\n<p><strong>Wtorek 21.05.2024<\/strong><\/p>\n\n\n\n<p>g. 7:00 &nbsp;&nbsp;&nbsp;&nbsp;&nbsp;&nbsp;&nbsp; greg.<\/p>\n\n\n\n<p><strong>\u015aroda 22.05.2024<\/strong><\/p>\n\n\n\n<p>g. 18:00 &nbsp;&nbsp;&nbsp;&nbsp;&nbsp; greg.<\/p>\n\n\n\n<p><strong>Czwartek 23.05.2024<\/strong><\/p>\n\n\n\n<p>g. 7:00 &nbsp;&nbsp;&nbsp;&nbsp;&nbsp;&nbsp;&nbsp; greg.<\/p>\n\n\n\n<p><strong>Pi\u0105tek 24.05.2024<\/strong><\/p>\n\n\n\n<p>g. 18:00&nbsp;&nbsp;&nbsp;&nbsp;&nbsp;&nbsp; greg.<\/p>\n\n\n\n<p>g. 19:00&nbsp;&nbsp;&nbsp;&nbsp;&nbsp;&nbsp; + Stefanie \u015aniadeck\u0105<\/p>\n\n\n\n<p><strong>Sobota 25.05.2024<\/strong><\/p>\n\n\n\n<p>g. 18:00&nbsp;&nbsp;&nbsp;&nbsp;&nbsp;&nbsp; greg.<\/p>\n\n\n\n<p><strong>Niedziela 26.05.2024<\/strong><\/p>\n\n\n\n<p>g. 9:00&nbsp;&nbsp;&nbsp;&nbsp;&nbsp;&nbsp;&nbsp;&nbsp; + Zofi\u0119 Czerwi\u0144sk\u0105<\/p>\n\n\n\n<p>g. 11:00&nbsp;&nbsp;&nbsp;&nbsp;&nbsp;&nbsp; rocznica pierwszej komunii \u015bwi\u0119tej<\/p>\n\n\n\n<p>g. 13:00&nbsp;&nbsp;&nbsp;&nbsp;&nbsp;&nbsp; greg.<\/p>\n","protected":false},"excerpt":{"rendered":"<p>W dzisiejsza niedziel\u0119 prze\u017cywamy w naszej Wsp\u00f3lnocie parafialnej pierwsz\u0105 komuni\u0119 \u015bw. dzieci. Dzi\u0119kuje wszystkim kt\u00f3rzy przyczynili si\u0119 do przygotowania jej pi\u0119knej uroczysto\u015bci:&#8211; rodzicom dzieci za dekoracj\u0119 \u015bwi\u0105tyni i o\u0142tarza oraz za dar&#8211; dzi\u0119kuje paniom Gra\u017cynie Sta\u0144czak i El\u017cbiecie Chrzanowskiej za pomoc w przegotowaniu oprawy tej uroczysto\u015bci.&#8211; dzi\u0119kuj\u0119 panu Przemys\u0142awowi Pietrucha [&hellip;]<\/p>\n","protected":false},"author":2,"featured_media":0,"comment_status":"closed","ping_status":"closed","sticky":false,"template":"","format":"standard","meta":[],"categories":[2],"tags":[],"_links":{"self":[{"href":"http:\/\/www.parafiakuligow.pl\/index.php\/wp-json\/wp\/v2\/posts\/2690"}],"collection":[{"href":"http:\/\/www.parafiakuligow.pl\/index.php\/wp-json\/wp\/v2\/posts"}],"about":[{"href":"http:\/\/www.parafiakuligow.pl\/index.php\/wp-json\/wp\/v2\/types\/post"}],"author":[{"embeddable":true,"href":"http:\/\/www.parafiakuligow.pl\/index.php\/wp-json\/wp\/v2\/users\/2"}],"replies":[{"embeddable":true,"href":"http:\/\/www.parafiakuligow.pl\/index.php\/wp-json\/wp\/v2\/comments?post=2690"}],"version-history":[{"count":5,"href":"http:\/\/www.parafiakuligow.pl\/index.php\/wp-json\/wp\/v2\/posts\/2690\/revisions"}],"predecessor-version":[{"id":2695,"href":"http:\/\/www.parafiakuligow.pl\/index.php\/wp-json\/wp\/v2\/posts\/2690\/revisions\/2695"}],"wp:attachment":[{"href":"http:\/\/www.parafiakuligow.pl\/index.php\/wp-json\/wp\/v2\/media?parent=2690"}],"wp:term":[{"taxonomy":"category","embeddable":true,"href":"http:\/\/www.parafiakuligow.pl\/index.php\/wp-json\/wp\/v2\/categories?post=2690"},{"taxonomy":"post_tag","embeddable":true,"href":"http:\/\/www.parafiakuligow.pl\/index.php\/wp-json\/wp\/v2\/tags?post=2690"}],"curies":[{"name":"wp","href":"https:\/\/api.w.org\/{rel}","templated":true}]}}