{"id":2656,"date":"2024-05-05T15:27:00","date_gmt":"2024-05-05T13:27:00","guid":{"rendered":"https:\/\/www.parafiakuligow.pl\/?p=2656"},"modified":"2024-05-07T15:31:00","modified_gmt":"2024-05-07T13:31:00","slug":"5-maj-2024-6-niedziela-wielkanocy","status":"publish","type":"post","link":"http:\/\/www.parafiakuligow.pl\/index.php\/2024\/05\/05\/5-maj-2024-6-niedziela-wielkanocy\/","title":{"rendered":"5 maj 2024 \u2013 6 Niedziela Wielkanocy"},"content":{"rendered":"\n<ol type=\"1\"><li>W tym tygodniu:<br>&#8211; w \u015brod\u0119 8.05.2024 \u2013 Uroczysto\u015b\u0107 Stanis\u0142awa Bp. i M\u0119czennika, g\u0142\u00f3wnego patrona Polski<br>&#8211; w pi\u0105tek rozpoczynamy nowenn\u0119 do Ducha \u015bw.<\/li><li>W przysz\u0142\u0105 niedziel\u0119 uroczysto\u015b\u0107 Wniebowst\u0105pienia Pa\u0144skiego.<\/li><li>Zapraszamy do udzia\u0142u w nabo\u017ce\u0144stwach majowych, kt\u00f3re odprawiamy w niedziel\u0119 po Mszy \u015bw. o godz. 11:00, we wtorki i czwartki po Mszy \u015bw. o godz. 7.00 w pozosta\u0142e dni o 17:30.<\/li><li>Zach\u0119camy do nabywania i czytania tygodnika \u201eIdziemy\u201d.<\/li><li>W pi\u0119knym miesi\u0105cu Maryjnym, \u017cyczymy radosnego dobrego odpoczynku zapraszaj\u0105c do naszej pi\u0119knej \u015bwi\u0105tyni.<\/li><\/ol>\n\n\n\n<h4 class=\"has-text-align-center\"><strong>Intencje Mszalne<\/strong><\/h4>\n\n\n\n<h4 class=\"has-text-align-center\"><strong>5- 12.05.2024r<\/strong><\/h4>\n\n\n\n<p><strong>Niedziela 05.05.2024<\/strong><\/p>\n\n\n\n<p>g. 7:00&nbsp;&nbsp;&nbsp;&nbsp;&nbsp;&nbsp;&nbsp;&nbsp; greg.<\/p>\n\n\n\n<p>g. 9:00&nbsp;&nbsp;&nbsp;&nbsp;&nbsp;&nbsp;&nbsp;&nbsp; + Teres\u0119 Jusi\u0144sk\u0105<\/p>\n\n\n\n<p>g. 11:00&nbsp;&nbsp;&nbsp;&nbsp;&nbsp;&nbsp; + Leokadi\u0119 i Henryka Ole\u015bkiewicz<\/p>\n\n\n\n<p><strong>Poniedzia\u0142ek 06.05.2024<\/strong><\/p>\n\n\n\n<p>g. 18:00&nbsp;&nbsp;&nbsp;&nbsp;&nbsp;&nbsp; greg.<\/p>\n\n\n\n<p><strong>Wtorek 07.05.2024<\/strong><\/p>\n\n\n\n<p>g. 7:00 &nbsp;&nbsp;&nbsp;&nbsp;&nbsp;&nbsp;&nbsp; greg.<\/p>\n\n\n\n<p><strong>\u015aroda 08.05.2024<\/strong><\/p>\n\n\n\n<p>g. 18:00 &nbsp;&nbsp;&nbsp;&nbsp;&nbsp; greg.<\/p>\n\n\n\n<p>g. 19:00&nbsp;&nbsp;&nbsp;&nbsp;&nbsp;&nbsp; + Leontyn\u0119, Jana, Tomasza,Puchalskich<\/p>\n\n\n\n<p><strong>Czwartek 09.05.2024<\/strong><\/p>\n\n\n\n<p>g. 7:00 &nbsp;&nbsp;&nbsp;&nbsp;&nbsp;&nbsp;&nbsp; greg.<\/p>\n\n\n\n<p><strong>Pi\u0105tek 10.05.2024<\/strong><\/p>\n\n\n\n<p>g. 18:00&nbsp;&nbsp;&nbsp;&nbsp;&nbsp;&nbsp; greg.<\/p>\n\n\n\n<p>g. 19:00&nbsp;&nbsp;&nbsp;&nbsp;&nbsp;&nbsp; + Ann\u0119, Zygmunta, Jadwig\u0119 Liszewskich<\/p>\n\n\n\n<p><strong>Sobota 11.05.2024<\/strong><\/p>\n\n\n\n<p>g. 18:00&nbsp;&nbsp;&nbsp;&nbsp;&nbsp;&nbsp; greg.<\/p>\n\n\n\n<p>g. 19:00&nbsp;&nbsp;&nbsp;&nbsp;&nbsp;&nbsp; + Stanis\u0142aw\u0119 Krysik<\/p>\n\n\n\n<p><strong>Niedziela 12.05.2024<\/strong><\/p>\n\n\n\n<p>g. 9:00\u00a0\u00a0\u00a0\u00a0\u00a0\u00a0\u00a0\u00a0 + Roberta, Jana, Stanis\u0142awa, Mieczys\u0142awa So\u0142owiej, Helen\u0119, Mariana Wiktorowicz <\/p>\n\n\n\n<p>g. 11:00\u00a0\u00a0\u00a0\u00a0\u00a0\u00a0  greg.<\/p>\n","protected":false},"excerpt":{"rendered":"<p>W tym tygodniu:&#8211; w \u015brod\u0119 8.05.2024 \u2013 Uroczysto\u015b\u0107 Stanis\u0142awa Bp. i M\u0119czennika, g\u0142\u00f3wnego patrona Polski&#8211; w pi\u0105tek rozpoczynamy nowenn\u0119 do Ducha \u015bw. W przysz\u0142\u0105 niedziel\u0119 uroczysto\u015b\u0107 Wniebowst\u0105pienia Pa\u0144skiego. Zapraszamy do udzia\u0142u w nabo\u017ce\u0144stwach majowych, kt\u00f3re odprawiamy w niedziel\u0119 po Mszy \u015bw. o godz. 11:00, we wtorki i czwartki po Mszy [&hellip;]<\/p>\n","protected":false},"author":2,"featured_media":0,"comment_status":"closed","ping_status":"closed","sticky":false,"template":"","format":"standard","meta":[],"categories":[2],"tags":[],"_links":{"self":[{"href":"http:\/\/www.parafiakuligow.pl\/index.php\/wp-json\/wp\/v2\/posts\/2656"}],"collection":[{"href":"http:\/\/www.parafiakuligow.pl\/index.php\/wp-json\/wp\/v2\/posts"}],"about":[{"href":"http:\/\/www.parafiakuligow.pl\/index.php\/wp-json\/wp\/v2\/types\/post"}],"author":[{"embeddable":true,"href":"http:\/\/www.parafiakuligow.pl\/index.php\/wp-json\/wp\/v2\/users\/2"}],"replies":[{"embeddable":true,"href":"http:\/\/www.parafiakuligow.pl\/index.php\/wp-json\/wp\/v2\/comments?post=2656"}],"version-history":[{"count":8,"href":"http:\/\/www.parafiakuligow.pl\/index.php\/wp-json\/wp\/v2\/posts\/2656\/revisions"}],"predecessor-version":[{"id":2665,"href":"http:\/\/www.parafiakuligow.pl\/index.php\/wp-json\/wp\/v2\/posts\/2656\/revisions\/2665"}],"wp:attachment":[{"href":"http:\/\/www.parafiakuligow.pl\/index.php\/wp-json\/wp\/v2\/media?parent=2656"}],"wp:term":[{"taxonomy":"category","embeddable":true,"href":"http:\/\/www.parafiakuligow.pl\/index.php\/wp-json\/wp\/v2\/categories?post=2656"},{"taxonomy":"post_tag","embeddable":true,"href":"http:\/\/www.parafiakuligow.pl\/index.php\/wp-json\/wp\/v2\/tags?post=2656"}],"curies":[{"name":"wp","href":"https:\/\/api.w.org\/{rel}","templated":true}]}}