{"id":2645,"date":"2024-04-21T10:34:00","date_gmt":"2024-04-21T08:34:00","guid":{"rendered":"https:\/\/www.parafiakuligow.pl\/?p=2645"},"modified":"2024-04-22T10:35:39","modified_gmt":"2024-04-22T08:35:39","slug":"21-kwiecien-2024-4-niedziela-wielkanocy","status":"publish","type":"post","link":"http:\/\/www.parafiakuligow.pl\/index.php\/2024\/04\/21\/21-kwiecien-2024-4-niedziela-wielkanocy\/","title":{"rendered":"21 kwiecie\u0144 2024 \u2013 4 Niedziela Wielkanocy"},"content":{"rendered":"\n<ol type=\"1\"><li>W tym tygodniu w Liturgii Ko\u015bcio\u0142a obchodzimy:<br>&#8211; wtorek 23.04.2024 \u2013 Uroczysto\u015b\u0107 \u015bw. Wojciecha Bp. I M\u0119czennika g\u0142\u00f3wnego patrona Polski<br>&#8211; czwartek 25.04.2024 \u2013 \u015bwi\u0119to \u015bw. Marka Ewangelisty.<\/li><li>W \u015brod\u0119 24.04.2024 na godz. 18:30 zapraszam dzieci i rodzic\u00f3w kt\u00f3rzy w ubieg\u0142ym roku mieli I komuni\u0119 \u015bwi\u0119t\u0105, w celu om\u00f3wienia rocznicy pierwszej komunii \u015bwi\u0119tej.<\/li><li>Zach\u0119camy do nabywania i czytania tygodnika \u201eIdziemy\u201d.<\/li><li>\u017byczymy Wielkanocnej rado\u015bci i dobrego odpoczynku.<\/li><\/ol>\n\n\n\n<h4 class=\"has-text-align-center\"><strong>Intencje Mszalne<\/strong><\/h4>\n\n\n\n<h4 class=\"has-text-align-center\"><strong>21- 28.04.2024r<\/strong><\/h4>\n\n\n\n<p><strong>Niedziela 21.04.2024<\/strong><\/p>\n\n\n\n<p>g. 9:00&nbsp;&nbsp;&nbsp;&nbsp;&nbsp;&nbsp;&nbsp;&nbsp; + Adam Getka 14 r. \u015bm<\/p>\n\n\n\n<p>g. 11:00&nbsp;&nbsp;&nbsp;&nbsp;&nbsp;&nbsp; + Bogdan Ga\u0142ecki 15 r. \u015bm.<\/p>\n\n\n\n<p><strong>Poniedzia\u0142ek 22.04.2024<\/strong><\/p>\n\n\n\n<p>g. 18:00&nbsp;&nbsp;&nbsp;&nbsp;&nbsp;&nbsp; + Janin\u0119 i Henryka Garbacz, dziadk\u00f3w Augustyniak\u00f3w<\/p>\n\n\n\n<p><strong>Wtorek 23.04.2024<\/strong><\/p>\n\n\n\n<p>g. 7:00 &nbsp;&nbsp;&nbsp;&nbsp;&nbsp;&nbsp;&nbsp; za parafian<\/p>\n\n\n\n<p><strong>\u015aroda 24.04.2024<\/strong><\/p>\n\n\n\n<p>g. 18:00 &nbsp;&nbsp;&nbsp;&nbsp;&nbsp; + Hieronim Za\u0142\u0119ski<\/p>\n\n\n\n<p><strong>Czwartek 25.04.2024<\/strong><\/p>\n\n\n\n<p>g. 7:00 &nbsp;&nbsp;&nbsp;&nbsp;&nbsp;&nbsp;&nbsp; + Zofi\u0119 Za\u0142\u0119sk\u0105<\/p>\n\n\n\n<p><strong>Pi\u0105tek 26.04.2024<\/strong><\/p>\n\n\n\n<p>g. 18:00&nbsp;&nbsp;&nbsp;&nbsp;&nbsp;&nbsp; + J\u00f3zefa Augustyniaka<\/p>\n\n\n\n<p><strong>Sobota 27.04.2024<\/strong><\/p>\n\n\n\n<p>g. 18:00&nbsp;&nbsp;&nbsp;&nbsp;&nbsp;&nbsp; zaj\u0119ta p.Kuligowski<\/p>\n\n\n\n<p><strong>Niedziela 28.04.2024<\/strong><\/p>\n\n\n\n<p>g. 9:00&nbsp;&nbsp;&nbsp;&nbsp;&nbsp;&nbsp;&nbsp;&nbsp; + Jadwig\u0119 i Jerzego Mianowskich<\/p>\n\n\n\n<p>g. 11:00&nbsp;&nbsp;&nbsp;&nbsp;&nbsp;&nbsp; + zam\u00f3wiona p.Gajdek<\/p>\n","protected":false},"excerpt":{"rendered":"<p>W tym tygodniu w Liturgii Ko\u015bcio\u0142a obchodzimy:&#8211; wtorek 23.04.2024 \u2013 Uroczysto\u015b\u0107 \u015bw. Wojciecha Bp. I M\u0119czennika g\u0142\u00f3wnego patrona Polski&#8211; czwartek 25.04.2024 \u2013 \u015bwi\u0119to \u015bw. Marka Ewangelisty. W \u015brod\u0119 24.04.2024 na godz. 18:30 zapraszam dzieci i rodzic\u00f3w kt\u00f3rzy w ubieg\u0142ym roku mieli I komuni\u0119 \u015bwi\u0119t\u0105, w celu om\u00f3wienia rocznicy pierwszej komunii [&hellip;]<\/p>\n","protected":false},"author":2,"featured_media":0,"comment_status":"closed","ping_status":"closed","sticky":false,"template":"","format":"standard","meta":[],"categories":[2],"tags":[],"_links":{"self":[{"href":"http:\/\/www.parafiakuligow.pl\/index.php\/wp-json\/wp\/v2\/posts\/2645"}],"collection":[{"href":"http:\/\/www.parafiakuligow.pl\/index.php\/wp-json\/wp\/v2\/posts"}],"about":[{"href":"http:\/\/www.parafiakuligow.pl\/index.php\/wp-json\/wp\/v2\/types\/post"}],"author":[{"embeddable":true,"href":"http:\/\/www.parafiakuligow.pl\/index.php\/wp-json\/wp\/v2\/users\/2"}],"replies":[{"embeddable":true,"href":"http:\/\/www.parafiakuligow.pl\/index.php\/wp-json\/wp\/v2\/comments?post=2645"}],"version-history":[{"count":2,"href":"http:\/\/www.parafiakuligow.pl\/index.php\/wp-json\/wp\/v2\/posts\/2645\/revisions"}],"predecessor-version":[{"id":2647,"href":"http:\/\/www.parafiakuligow.pl\/index.php\/wp-json\/wp\/v2\/posts\/2645\/revisions\/2647"}],"wp:attachment":[{"href":"http:\/\/www.parafiakuligow.pl\/index.php\/wp-json\/wp\/v2\/media?parent=2645"}],"wp:term":[{"taxonomy":"category","embeddable":true,"href":"http:\/\/www.parafiakuligow.pl\/index.php\/wp-json\/wp\/v2\/categories?post=2645"},{"taxonomy":"post_tag","embeddable":true,"href":"http:\/\/www.parafiakuligow.pl\/index.php\/wp-json\/wp\/v2\/tags?post=2645"}],"curies":[{"name":"wp","href":"https:\/\/api.w.org\/{rel}","templated":true}]}}