{"id":2636,"date":"2024-04-14T00:35:00","date_gmt":"2024-04-13T22:35:00","guid":{"rendered":"https:\/\/www.parafiakuligow.pl\/?p=2636"},"modified":"2024-04-13T20:37:51","modified_gmt":"2024-04-13T18:37:51","slug":"14-kwiecien-2024","status":"publish","type":"post","link":"http:\/\/www.parafiakuligow.pl\/index.php\/2024\/04\/14\/14-kwiecien-2024\/","title":{"rendered":"14 kwiecie\u0144 2024"},"content":{"rendered":"\n<p><\/p>\n\n\n\n<ol type=\"1\"><li>W dzisiejsz\u0105 niedziel\u0119 obchodzimy 1048 rocznic\u0119 Chrztu Polski<\/li><li>Po Mszy \u015bw. o godz. 11:00 spotkanie dla rodzic\u00f3w i dzieci przygotowuj\u0105cych si\u0119 do pierwszej komunii \u015bw.<\/li><li>W dniu dzisiejszym zapraszamy do Warszawy na \u201eNarodowy Marsz \u017bycia&#8221; pod has\u0142em \u201eNiech \u017byje Polska\u201d.<br>Msze \u015bw.:<br>11:00 Archikatedra Warszawska i Katedra Warszawsko-Praska<br>12:30 Wymarsz z Placu Zamkowego<br>Zako\u0144czenie marszu na Placu Trzech Krzy\u017cy.<\/li><li>Zach\u0119camy do nabywania i czytania tygodnika \u201eIdziemy\u201d<\/li><li>\u017byczymy Rado\u015bci Paschalnej maj\u0105cej \u017ar\u00f3d\u0142o w Chrystusie Zmartwychwsta\u0142ym!<\/li><\/ol>\n\n\n\n<h4 class=\"has-text-align-center\"><strong>Intencje Mszalne<\/strong><\/h4>\n\n\n\n<h4 class=\"has-text-align-center\"><strong>14-21.04.2024r<\/strong><\/h4>\n\n\n\n<p><strong>Niedziela 14.04.2024<\/strong><\/p>\n\n\n\n<p>g. 9:00&nbsp;&nbsp;&nbsp;&nbsp;&nbsp;&nbsp;&nbsp;&nbsp; + Hieronima Za\u0142\u0119skiego od chrze\u015bnicy Ewy z rodzin\u0105 Kierzkowskich<\/p>\n\n\n\n<p>g. 11:00&nbsp;&nbsp;&nbsp;&nbsp;&nbsp;&nbsp; + Kazimier\u0119 Bieleck\u0105<\/p>\n\n\n\n<p><strong>Poniedzia\u0142ek 15.04.2024<\/strong><\/p>\n\n\n\n<p>g. 18:00&nbsp;&nbsp;&nbsp;&nbsp;&nbsp;&nbsp; + Zygmunt Pietrucha<\/p>\n\n\n\n<p><strong>Wtorek 16.04.2024<\/strong><\/p>\n\n\n\n<p>g. 7:00 &nbsp;&nbsp;&nbsp;&nbsp;&nbsp;&nbsp;&nbsp; za parafian<\/p>\n\n\n\n<p><strong>\u015aroda 17.04.2024<\/strong><\/p>\n\n\n\n<p>g. 18:00 &nbsp;&nbsp;&nbsp;&nbsp;&nbsp; int. wolna<\/p>\n\n\n\n<p><strong>Czwartek 18.04.2024<\/strong><\/p>\n\n\n\n<p>g. 7:00 &nbsp;&nbsp;&nbsp;&nbsp;&nbsp;&nbsp;&nbsp; int. wolna<\/p>\n\n\n\n<p><strong>Pi\u0105tek 19.04.2024<\/strong><\/p>\n\n\n\n<p>g. 18:00&nbsp;&nbsp;&nbsp;&nbsp;&nbsp;&nbsp; + Zofi\u0119 Za\u0142\u0119sk\u0105<\/p>\n\n\n\n<p><strong>Sobota 20.04.2024<\/strong><\/p>\n\n\n\n<p>g. 18:00&nbsp;&nbsp;&nbsp;&nbsp;&nbsp;&nbsp; 13 r. \u015bm. + Ireny Malesa + Jadwigi i Jana Getka<\/p>\n\n\n\n<p><strong>Niedziela 21.04.2024<\/strong><\/p>\n\n\n\n<p>g. 9:00&nbsp;&nbsp;&nbsp;&nbsp;&nbsp;&nbsp;&nbsp;&nbsp; + Adam Getka 14 r. \u015bm<\/p>\n\n\n\n<p>g. 11:00&nbsp;&nbsp;&nbsp;&nbsp;&nbsp;&nbsp; + Bogdan Ga\u0142ecki 15 r. \u015bm.<\/p>\n","protected":false},"excerpt":{"rendered":"<p>W dzisiejsz\u0105 niedziel\u0119 obchodzimy 1048 rocznic\u0119 Chrztu Polski Po Mszy \u015bw. o godz. 11:00 spotkanie dla rodzic\u00f3w i dzieci przygotowuj\u0105cych si\u0119 do pierwszej komunii \u015bw. W dniu dzisiejszym zapraszamy do Warszawy na \u201eNarodowy Marsz \u017bycia&#8221; pod has\u0142em \u201eNiech \u017byje Polska\u201d.Msze \u015bw.:11:00 Archikatedra Warszawska i Katedra Warszawsko-Praska12:30 Wymarsz z Placu ZamkowegoZako\u0144czenie [&hellip;]<\/p>\n","protected":false},"author":2,"featured_media":0,"comment_status":"closed","ping_status":"closed","sticky":false,"template":"","format":"standard","meta":[],"categories":[2],"tags":[],"_links":{"self":[{"href":"http:\/\/www.parafiakuligow.pl\/index.php\/wp-json\/wp\/v2\/posts\/2636"}],"collection":[{"href":"http:\/\/www.parafiakuligow.pl\/index.php\/wp-json\/wp\/v2\/posts"}],"about":[{"href":"http:\/\/www.parafiakuligow.pl\/index.php\/wp-json\/wp\/v2\/types\/post"}],"author":[{"embeddable":true,"href":"http:\/\/www.parafiakuligow.pl\/index.php\/wp-json\/wp\/v2\/users\/2"}],"replies":[{"embeddable":true,"href":"http:\/\/www.parafiakuligow.pl\/index.php\/wp-json\/wp\/v2\/comments?post=2636"}],"version-history":[{"count":2,"href":"http:\/\/www.parafiakuligow.pl\/index.php\/wp-json\/wp\/v2\/posts\/2636\/revisions"}],"predecessor-version":[{"id":2641,"href":"http:\/\/www.parafiakuligow.pl\/index.php\/wp-json\/wp\/v2\/posts\/2636\/revisions\/2641"}],"wp:attachment":[{"href":"http:\/\/www.parafiakuligow.pl\/index.php\/wp-json\/wp\/v2\/media?parent=2636"}],"wp:term":[{"taxonomy":"category","embeddable":true,"href":"http:\/\/www.parafiakuligow.pl\/index.php\/wp-json\/wp\/v2\/categories?post=2636"},{"taxonomy":"post_tag","embeddable":true,"href":"http:\/\/www.parafiakuligow.pl\/index.php\/wp-json\/wp\/v2\/tags?post=2636"}],"curies":[{"name":"wp","href":"https:\/\/api.w.org\/{rel}","templated":true}]}}