{"id":2623,"date":"2024-04-07T21:45:04","date_gmt":"2024-04-07T19:45:04","guid":{"rendered":"https:\/\/www.parafiakuligow.pl\/?p=2623"},"modified":"2024-04-13T20:39:25","modified_gmt":"2024-04-13T18:39:25","slug":"2623","status":"publish","type":"post","link":"http:\/\/www.parafiakuligow.pl\/index.php\/2024\/04\/07\/2623\/","title":{"rendered":"7 kwiecie\u0144 2024"},"content":{"rendered":"\n<ol type=\"1\"><li>W tym tygodniu w poniedzia\u0142ek 8.04.2024 Uroczysto\u015b\u0107 Zwiastowania Pa\u0144skiego. Msza \u015bw. o godz. 18:00.<\/li><li>Taca z dzisiejszej Mszy \u015bw. na dzie\u0142a charytatywne Caritas w naszej Diecezji.<\/li><li>Udziela si\u0119 odpustu zupe\u0142nego wiernym kt\u00f3rzy dzisiaj odm\u00f3wi\u0105 Koronk\u0119 do Mi\u0142osierdzia Bo\u017cego przed Naj\u015bwi\u0119tszym Sakramentem.<\/li><li>Po Mszy \u015bw. o godz. 11:00 spotkanie dla rodzic\u00f3w i dzieci przygotowuj\u0105cych si\u0119 do pierwszej komunii \u015bwi\u0119tej.<\/li><li>W przysz\u0142\u0105 niedziel\u0119 14.04.2024 zapraszamy do Warszawy na \u201eNarodowy Marsz \u017bycia pod has\u0142em \u201eNiech \u017byje Polska\u201d.<br>Warszawa 14 kwietnia Msze \u015bw:<br>11:00 Archikatedra Warszawska i Katedra Warszawsko-Praska<br>12:30 Wymarsz z Placu Zamkowego<br>Zako\u0144czenie marszu na Placu Trzech Krzy\u017cy.<\/li><li>\u017byczymy dobrej niedzieli prze\u017cywanej w \u015awietle Mi\u0142osierdzia!<\/li><\/ol>\n\n\n\n<h4 class=\"has-text-align-center\"><strong>Intencje Mszalne<\/strong><\/h4>\n\n\n\n<h4 class=\"has-text-align-center\"><strong>07-14.04.2024r<\/strong><\/h4>\n\n\n\n<p><strong>Niedziela 07.04.2024<\/strong><\/p>\n\n\n\n<p>g. 9:00&nbsp;&nbsp;&nbsp;&nbsp;&nbsp;&nbsp;&nbsp;&nbsp; + Jana, Leokadi\u0119 Baranowskich, dziadk\u00f3w Baranowskich i Jusi\u0144skich<\/p>\n\n\n\n<p>g. 11:00&nbsp;&nbsp;&nbsp;&nbsp;&nbsp;&nbsp; + King\u0119 i Tadeusza Wi\u0119ch<\/p>\n\n\n\n<p><strong>Poniedzia\u0142ek 08.04.2024<\/strong><\/p>\n\n\n\n<p>g. 18:00&nbsp;&nbsp;&nbsp;&nbsp;&nbsp;&nbsp; + Halin\u0119 Daab<\/p>\n\n\n\n<p><strong>Wtorek 09.04.2024<\/strong><\/p>\n\n\n\n<p>g. 7:00 &nbsp;&nbsp;&nbsp;&nbsp;&nbsp;&nbsp;&nbsp; + Sylwestra Mianowskiego<\/p>\n\n\n\n<p><strong>\u015aroda 10.04.2024<\/strong><\/p>\n\n\n\n<p>g. 18:00 &nbsp;&nbsp;&nbsp;&nbsp;&nbsp; + Czes\u0142awa, Andrzeja, Kazimier\u0119 Karasiewicz<\/p>\n\n\n\n<p><strong>Czwartek 11.04.2024<\/strong><\/p>\n\n\n\n<p>g. 7:00 &nbsp;&nbsp;&nbsp;&nbsp;&nbsp;&nbsp;&nbsp; + Zofi\u0119 Za\u0142\u0119sk\u0105<\/p>\n\n\n\n<p><strong>Pi\u0105tek 12.04.2024<\/strong><\/p>\n\n\n\n<p>g. 18:00\u00a0\u00a0\u00a0\u00a0\u00a0\u00a0 + Zofi\u0119 Dawid w rocz. \u015bm., Antoniego, Stanis\u0142awa i J\u00f3zefa Dawid i J\u00f3zefa i Tadeusza Czarneckich<\/p>\n\n\n\n<p><strong>Sobota 13.04.2024<\/strong><\/p>\n\n\n\n<p>g. 18:00&nbsp;&nbsp;&nbsp;&nbsp;&nbsp;&nbsp; + Boles\u0142awa Czerwi\u0144skiego<\/p>\n\n\n\n<p>g. 19:00&nbsp;&nbsp;&nbsp;&nbsp;&nbsp;&nbsp; + Piotra Grabskiego 9 r. \u015bm.<\/p>\n\n\n\n<p><strong>Niedziela 14.04.2024<\/strong><\/p>\n\n\n\n<p>g. 9:00&nbsp;&nbsp;&nbsp;&nbsp;&nbsp;&nbsp;&nbsp;&nbsp; + Hieronima Za\u0142\u0119skiego od chrze\u015bnicy Ewy z rodzin\u0105 Kierzkowskich<\/p>\n\n\n\n<p>g. 11:00&nbsp;&nbsp;&nbsp;&nbsp;&nbsp;&nbsp; + Kazimier\u0119 Bieleck\u0105<\/p>\n","protected":false},"excerpt":{"rendered":"<p>W tym tygodniu w poniedzia\u0142ek 8.04.2024 Uroczysto\u015b\u0107 Zwiastowania Pa\u0144skiego. Msza \u015bw. o godz. 18:00. Taca z dzisiejszej Mszy \u015bw. na dzie\u0142a charytatywne Caritas w naszej Diecezji. Udziela si\u0119 odpustu zupe\u0142nego wiernym kt\u00f3rzy dzisiaj odm\u00f3wi\u0105 Koronk\u0119 do Mi\u0142osierdzia Bo\u017cego przed Naj\u015bwi\u0119tszym Sakramentem. Po Mszy \u015bw. o godz. 11:00 spotkanie dla rodzic\u00f3w [&hellip;]<\/p>\n","protected":false},"author":2,"featured_media":0,"comment_status":"closed","ping_status":"closed","sticky":false,"template":"","format":"standard","meta":[],"categories":[2],"tags":[],"_links":{"self":[{"href":"http:\/\/www.parafiakuligow.pl\/index.php\/wp-json\/wp\/v2\/posts\/2623"}],"collection":[{"href":"http:\/\/www.parafiakuligow.pl\/index.php\/wp-json\/wp\/v2\/posts"}],"about":[{"href":"http:\/\/www.parafiakuligow.pl\/index.php\/wp-json\/wp\/v2\/types\/post"}],"author":[{"embeddable":true,"href":"http:\/\/www.parafiakuligow.pl\/index.php\/wp-json\/wp\/v2\/users\/2"}],"replies":[{"embeddable":true,"href":"http:\/\/www.parafiakuligow.pl\/index.php\/wp-json\/wp\/v2\/comments?post=2623"}],"version-history":[{"count":13,"href":"http:\/\/www.parafiakuligow.pl\/index.php\/wp-json\/wp\/v2\/posts\/2623\/revisions"}],"predecessor-version":[{"id":2643,"href":"http:\/\/www.parafiakuligow.pl\/index.php\/wp-json\/wp\/v2\/posts\/2623\/revisions\/2643"}],"wp:attachment":[{"href":"http:\/\/www.parafiakuligow.pl\/index.php\/wp-json\/wp\/v2\/media?parent=2623"}],"wp:term":[{"taxonomy":"category","embeddable":true,"href":"http:\/\/www.parafiakuligow.pl\/index.php\/wp-json\/wp\/v2\/categories?post=2623"},{"taxonomy":"post_tag","embeddable":true,"href":"http:\/\/www.parafiakuligow.pl\/index.php\/wp-json\/wp\/v2\/tags?post=2623"}],"curies":[{"name":"wp","href":"https:\/\/api.w.org\/{rel}","templated":true}]}}