{"id":2609,"date":"2024-03-25T09:04:00","date_gmt":"2024-03-25T08:04:00","guid":{"rendered":"https:\/\/www.parafiakuligow.pl\/?p=2609"},"modified":"2024-03-25T09:04:51","modified_gmt":"2024-03-25T08:04:51","slug":"adoracja-pana-jezusa-w-najswietszym-sakramencie-odbywac-sie-bedzie-30-marca-2024-wg-nastepujacego-porzadku","status":"publish","type":"post","link":"http:\/\/www.parafiakuligow.pl\/index.php\/2024\/03\/25\/adoracja-pana-jezusa-w-najswietszym-sakramencie-odbywac-sie-bedzie-30-marca-2024-wg-nastepujacego-porzadku\/","title":{"rendered":"Adoracja Pana Jezusa &#8211; 30 marca 2024"},"content":{"rendered":"\n<p><strong><u>Adoracja Pana Jezusa w Naj\u015bwi\u0119tszym Sakramencie odbywa\u0107 si\u0119 b\u0119dzie 30 marca 2024 wg. nast\u0119puj\u0105cego porz\u0105dku<\/u>:<\/strong><\/p>\n\n\n\n<p>9:00 \u2013 10:00 ulica Wojska Polskiego<\/p>\n\n\n\n<p>10:00 \u2013 11:00 ul. Za\u0142ubicka, Brzozowa, Zap\u00f3lna, Cytrynowa Zakopia\u0144ska<\/p>\n\n\n\n<p>11:00 -12:00 ul. Radzymi\u0144ska, Choinki, Loreta\u0144ska, Le\u015bna, Podle\u015bna, Bagienna<\/p>\n\n\n\n<p>12:00 \u2013 13:00 ul. Okr\u0119\u017cna, Kr\u0119ta, Wrzosowa, Ko\u015bcielna, Prosta, Lipowa<\/p>\n\n\n\n<p>13:00 &#8211; 14:00 ul. Nadbu\u017ca\u0144ska, Serocka<\/p>\n\n\n\n<p>14:00 \u2013 15:00 ul. Jagielo\u0144ska, Topolowa<\/p>\n\n\n\n<p>15:00 \u2013 16:00 ul. Warszawska, Malinowa, Grobla, D\u0119binowa<\/p>\n\n\n\n<p>Zapraszamy do modlitwy adoracyjnej.<\/p>\n","protected":false},"excerpt":{"rendered":"<p>Adoracja Pana Jezusa w Naj\u015bwi\u0119tszym Sakramencie odbywa\u0107 si\u0119 b\u0119dzie 30 marca 2024 wg. nast\u0119puj\u0105cego porz\u0105dku: 9:00 \u2013 10:00 ulica Wojska Polskiego 10:00 \u2013 11:00 ul. Za\u0142ubicka, Brzozowa, Zap\u00f3lna, Cytrynowa Zakopia\u0144ska 11:00 -12:00 ul. Radzymi\u0144ska, Choinki, Loreta\u0144ska, Le\u015bna, Podle\u015bna, Bagienna 12:00 \u2013 13:00 ul. Okr\u0119\u017cna, Kr\u0119ta, Wrzosowa, Ko\u015bcielna, Prosta, Lipowa 13:00 [&hellip;]<\/p>\n","protected":false},"author":2,"featured_media":0,"comment_status":"closed","ping_status":"closed","sticky":false,"template":"","format":"standard","meta":[],"categories":[2],"tags":[],"_links":{"self":[{"href":"http:\/\/www.parafiakuligow.pl\/index.php\/wp-json\/wp\/v2\/posts\/2609"}],"collection":[{"href":"http:\/\/www.parafiakuligow.pl\/index.php\/wp-json\/wp\/v2\/posts"}],"about":[{"href":"http:\/\/www.parafiakuligow.pl\/index.php\/wp-json\/wp\/v2\/types\/post"}],"author":[{"embeddable":true,"href":"http:\/\/www.parafiakuligow.pl\/index.php\/wp-json\/wp\/v2\/users\/2"}],"replies":[{"embeddable":true,"href":"http:\/\/www.parafiakuligow.pl\/index.php\/wp-json\/wp\/v2\/comments?post=2609"}],"version-history":[{"count":4,"href":"http:\/\/www.parafiakuligow.pl\/index.php\/wp-json\/wp\/v2\/posts\/2609\/revisions"}],"predecessor-version":[{"id":2613,"href":"http:\/\/www.parafiakuligow.pl\/index.php\/wp-json\/wp\/v2\/posts\/2609\/revisions\/2613"}],"wp:attachment":[{"href":"http:\/\/www.parafiakuligow.pl\/index.php\/wp-json\/wp\/v2\/media?parent=2609"}],"wp:term":[{"taxonomy":"category","embeddable":true,"href":"http:\/\/www.parafiakuligow.pl\/index.php\/wp-json\/wp\/v2\/categories?post=2609"},{"taxonomy":"post_tag","embeddable":true,"href":"http:\/\/www.parafiakuligow.pl\/index.php\/wp-json\/wp\/v2\/tags?post=2609"}],"curies":[{"name":"wp","href":"https:\/\/api.w.org\/{rel}","templated":true}]}}