{"id":2565,"date":"2024-02-18T19:30:00","date_gmt":"2024-02-18T18:30:00","guid":{"rendered":"https:\/\/www.parafiakuligow.pl\/?p=2565"},"modified":"2024-02-24T19:32:56","modified_gmt":"2024-02-24T18:32:56","slug":"18-25-luty-2024","status":"publish","type":"post","link":"http:\/\/www.parafiakuligow.pl\/index.php\/2024\/02\/18\/18-25-luty-2024\/","title":{"rendered":"18 &#8211; 25 luty 2024"},"content":{"rendered":"\n<ol type=\"1\"><li>W dzisiejsz\u0105 niedziel\u0119 na Mszy \u015bw. o 11.00 \u2013 katecheza dla rodzic\u00f3w i dzieci przygotowuj\u0105cych si\u0119 do pierwszej Komunii \u015bwi\u0119tej.<\/li><li>Nabo\u017ce\u0144stwach pasyjne w naszej parafii odbywaj\u0105 si\u0119:<br>&#8211; Droga Krzy\u017cowa w pi\u0105tki o godz. 17.30<br>&#8211; Gorzkie \u017bale w niedziel\u0119 po Mszy \u015bw. o godz. 11.00.<\/li><li>W przysz\u0142\u0105 niedziele zbi\u00f3rka do puszek na dzie\u0142o misyjne Ad gentes.<\/li><li>Rekolekcje Wielkopostne w naszej parafii odb\u0119d\u0105 si\u0119 8 marca \u2013 pi\u0105tek, 9 marca \u2013 sobota i 10 marca \u2013 niedziela 2024r.<\/li><li>Dzi\u0119kujemy za wykonanie dekoracji Wielkopostnej Paniom: Miros\u0142awie, Ma\u0142gorzacie, Krystynie, Alicji. Za wypranie szat liturgicznych dzi\u0119kujemy pani Alicji.<\/li><li>Zach\u0119camy do nabywania i czytania tygodnika \u201eIdziemy\u201d.<\/li><li>\u017byczymy wszystkim b\u0142ogos\u0142awionego tygodnia i owocnego prze\u017cywania Wielkiego Postu.<\/li><\/ol>\n\n\n\n<h4 class=\"has-text-align-center\"><strong>Intencje Mszalne<\/strong><\/h4>\n\n\n\n<h4 class=\"has-text-align-center\"><strong>18-25.02.2024r<\/strong><\/h4>\n\n\n\n<p><strong>Niedziela 18.02.2024<\/strong><\/p>\n\n\n\n<p>g. 9.00&nbsp;&nbsp;&nbsp;&nbsp;&nbsp;&nbsp;&nbsp;&nbsp; + Jol\u0119 i Hieronima Ga\u0142eckich, Helen\u0119 i W\u0142adys\u0142awa Klimkiewicz<\/p>\n\n\n\n<p>g. 11.00&nbsp;&nbsp;&nbsp;&nbsp;&nbsp;&nbsp; + Urszul\u0119 Getka 3 r. \u015bm.<\/p>\n\n\n\n<p>g. 13.00&nbsp;&nbsp;&nbsp;&nbsp;&nbsp;&nbsp; grg.<\/p>\n\n\n\n<p><strong>Poniedzia\u0142ek 19.02.2024<\/strong><\/p>\n\n\n\n<p>g. 18.00 &nbsp;&nbsp;&nbsp;&nbsp;&nbsp; + Zygmunt Pietrucha<\/p>\n\n\n\n<p>g. 18.30 &nbsp;&nbsp;&nbsp;&nbsp;&nbsp; grg.<\/p>\n\n\n\n<p><strong>Wtorek 20.02.2024<\/strong><\/p>\n\n\n\n<p>g. 7.00 &nbsp;&nbsp;&nbsp;&nbsp;&nbsp;&nbsp;&nbsp; grg.<\/p>\n\n\n\n<p><strong>\u015aroda 21.02.2024<\/strong><\/p>\n\n\n\n<p>g. 18.00 &nbsp;&nbsp;&nbsp;&nbsp;&nbsp; grg.<\/p>\n\n\n\n<p><strong>Czwartek 22.02.2024<\/strong><\/p>\n\n\n\n<p>g. 7.00 &nbsp;&nbsp;&nbsp;&nbsp;&nbsp;&nbsp;&nbsp; grg.<\/p>\n\n\n\n<p><strong>Pi\u0105tek 23.02.2024<\/strong><\/p>\n\n\n\n<p>g. 18.00 &nbsp;&nbsp;&nbsp;&nbsp;&nbsp; grg.<\/p>\n\n\n\n<p><strong>Sobota 24.02.2024<\/strong><\/p>\n\n\n\n<p>g. 18.00&nbsp;&nbsp;&nbsp;&nbsp;&nbsp;&nbsp; grg.<\/p>\n\n\n\n<p><strong>Niedziela 25.02.2024<\/strong><\/p>\n\n\n\n<p>g. 9.00&nbsp;&nbsp;&nbsp;&nbsp;&nbsp;&nbsp;&nbsp;&nbsp; grg.<\/p>\n\n\n\n<p>g. 11.00&nbsp;&nbsp;&nbsp;&nbsp;&nbsp;&nbsp; + Marka Liszewskiego 30 dzie\u0144 po \u015bmierci<\/p>\n","protected":false},"excerpt":{"rendered":"<p>W dzisiejsz\u0105 niedziel\u0119 na Mszy \u015bw. o 11.00 \u2013 katecheza dla rodzic\u00f3w i dzieci przygotowuj\u0105cych si\u0119 do pierwszej Komunii \u015bwi\u0119tej. Nabo\u017ce\u0144stwach pasyjne w naszej parafii odbywaj\u0105 si\u0119:&#8211; Droga Krzy\u017cowa w pi\u0105tki o godz. 17.30&#8211; Gorzkie \u017bale w niedziel\u0119 po Mszy \u015bw. o godz. 11.00. W przysz\u0142\u0105 niedziele zbi\u00f3rka do puszek [&hellip;]<\/p>\n","protected":false},"author":2,"featured_media":0,"comment_status":"closed","ping_status":"closed","sticky":false,"template":"","format":"standard","meta":[],"categories":[2],"tags":[],"_links":{"self":[{"href":"http:\/\/www.parafiakuligow.pl\/index.php\/wp-json\/wp\/v2\/posts\/2565"}],"collection":[{"href":"http:\/\/www.parafiakuligow.pl\/index.php\/wp-json\/wp\/v2\/posts"}],"about":[{"href":"http:\/\/www.parafiakuligow.pl\/index.php\/wp-json\/wp\/v2\/types\/post"}],"author":[{"embeddable":true,"href":"http:\/\/www.parafiakuligow.pl\/index.php\/wp-json\/wp\/v2\/users\/2"}],"replies":[{"embeddable":true,"href":"http:\/\/www.parafiakuligow.pl\/index.php\/wp-json\/wp\/v2\/comments?post=2565"}],"version-history":[{"count":8,"href":"http:\/\/www.parafiakuligow.pl\/index.php\/wp-json\/wp\/v2\/posts\/2565\/revisions"}],"predecessor-version":[{"id":2573,"href":"http:\/\/www.parafiakuligow.pl\/index.php\/wp-json\/wp\/v2\/posts\/2565\/revisions\/2573"}],"wp:attachment":[{"href":"http:\/\/www.parafiakuligow.pl\/index.php\/wp-json\/wp\/v2\/media?parent=2565"}],"wp:term":[{"taxonomy":"category","embeddable":true,"href":"http:\/\/www.parafiakuligow.pl\/index.php\/wp-json\/wp\/v2\/categories?post=2565"},{"taxonomy":"post_tag","embeddable":true,"href":"http:\/\/www.parafiakuligow.pl\/index.php\/wp-json\/wp\/v2\/tags?post=2565"}],"curies":[{"name":"wp","href":"https:\/\/api.w.org\/{rel}","templated":true}]}}