{"id":2531,"date":"2024-02-04T00:07:00","date_gmt":"2024-02-03T23:07:00","guid":{"rendered":"https:\/\/www.parafiakuligow.pl\/?p=2531"},"modified":"2024-02-03T18:12:53","modified_gmt":"2024-02-03T17:12:53","slug":"4-11-luty-2024","status":"publish","type":"post","link":"http:\/\/www.parafiakuligow.pl\/index.php\/2024\/02\/04\/4-11-luty-2024\/","title":{"rendered":"4 \u2013 11 luty 2024"},"content":{"rendered":"\n<ol type=\"1\"><li>W tym tygodniu od niedzieli 4.02 po po\u0142udniu do soboty 10.02<br>Ks. Proboszcz b\u0119dzie na urlopie. W parafii Msza \u015bw. b\u0119dzie odprawiana<br>w \u015brod\u0119 7 lutego o godz. 18.00 i w sobot\u0119 10 lutego o godz. 18.00.<br>W pozosta\u0142e dni tego tygodnia Mszy \u015bw. nie b\u0119dzie. W tym czasie dy\u017cur pe\u0142ni Ks. Proboszcz z J\u00f3zefowa. Telefon do Ks. Proboszcza jest w gablocie parafialnej.<\/li><li>W tym tygodniu w \u015brod\u0119 7 lutego przypada dzie\u0144 imienin Pasterza Diecezji Bp Romualda Kami\u0144skiego, pami\u0119tajmy o modlitwach.<\/li><li>W przysz\u0142\u0105 niedziel\u0119 zbi\u00f3rka do puszek na chorych obj\u0119tych opiek\u0105 Caritas naszej Diecezji.<\/li><li>W sobot\u0119 17 lutego o godz. 13.00 przymiarka stroj\u00f3w Komunijnych. Zapraszamy rodzic\u00f3w z dzie\u0107mi.<\/li><li>Zach\u0119camy do nabywania i czytania tygodnika \u201eIdziemy\u201d.<\/li><li>\u017byczymy wszystkim b\u0142ogos\u0142awionego tygodnia.<\/li><\/ol>\n\n\n\n<h4 class=\"has-text-align-center\"><strong>Intencje Mszalne<\/strong><\/h4>\n\n\n\n<h4 class=\"has-text-align-center\"><strong>04 -11.02.2024 r<\/strong><\/h4>\n\n\n\n<p><strong>Niedziela 04.02.2024<\/strong><\/p>\n\n\n\n<p>g. 9.00&nbsp;&nbsp;&nbsp;&nbsp;&nbsp;&nbsp;&nbsp;&nbsp; + dziadk\u00f3w Mariann\u0119 i Stanis\u0142awa Mianowskich, Jerzego i Jadwig\u0119 Mianowskich<\/p>\n\n\n\n<p>g. 11.00&nbsp;&nbsp;&nbsp;&nbsp;&nbsp;&nbsp; + Romana Jaworskiego<\/p>\n\n\n\n<p><strong>\u015aroda 07.02.2024<\/strong><\/p>\n\n\n\n<p>g. 18.00 &nbsp;&nbsp;&nbsp;&nbsp;&nbsp; int. wolna<\/p>\n\n\n\n<p><strong>Sobota 10.02.2024<\/strong><\/p>\n\n\n\n<p>g. 18.00&nbsp;&nbsp;&nbsp;&nbsp;&nbsp;&nbsp; + Jerzy Aniszewski 4 r. \u015bm.<\/p>\n\n\n\n<p><strong>Niedziela 11.02.2024<\/strong><\/p>\n\n\n\n<p>g. 9.00\u00a0\u00a0\u00a0\u00a0\u00a0\u00a0\u00a0\u00a0 + Jadwig\u0119 Wojciechowsk\u0105 (grg.)<\/p>\n\n\n\n<p>g. 11.00&nbsp;&nbsp;&nbsp;&nbsp;&nbsp;&nbsp; 50-lecie \u015blubu Alicji i Janusza Cichockich<\/p>\n\n\n\n<p>g. 12.30&nbsp;&nbsp;&nbsp;&nbsp;&nbsp;&nbsp; 50-lecie \u015blubu Danuty i Zygmunta G\u00f3rskich<\/p>\n","protected":false},"excerpt":{"rendered":"<p>W tym tygodniu od niedzieli 4.02 po po\u0142udniu do soboty 10.02Ks. Proboszcz b\u0119dzie na urlopie. W parafii Msza \u015bw. b\u0119dzie odprawianaw \u015brod\u0119 7 lutego o godz. 18.00 i w sobot\u0119 10 lutego o godz. 18.00.W pozosta\u0142e dni tego tygodnia Mszy \u015bw. nie b\u0119dzie. W tym czasie dy\u017cur pe\u0142ni Ks. Proboszcz [&hellip;]<\/p>\n","protected":false},"author":2,"featured_media":0,"comment_status":"closed","ping_status":"closed","sticky":false,"template":"","format":"standard","meta":[],"categories":[2],"tags":[],"_links":{"self":[{"href":"http:\/\/www.parafiakuligow.pl\/index.php\/wp-json\/wp\/v2\/posts\/2531"}],"collection":[{"href":"http:\/\/www.parafiakuligow.pl\/index.php\/wp-json\/wp\/v2\/posts"}],"about":[{"href":"http:\/\/www.parafiakuligow.pl\/index.php\/wp-json\/wp\/v2\/types\/post"}],"author":[{"embeddable":true,"href":"http:\/\/www.parafiakuligow.pl\/index.php\/wp-json\/wp\/v2\/users\/2"}],"replies":[{"embeddable":true,"href":"http:\/\/www.parafiakuligow.pl\/index.php\/wp-json\/wp\/v2\/comments?post=2531"}],"version-history":[{"count":7,"href":"http:\/\/www.parafiakuligow.pl\/index.php\/wp-json\/wp\/v2\/posts\/2531\/revisions"}],"predecessor-version":[{"id":2542,"href":"http:\/\/www.parafiakuligow.pl\/index.php\/wp-json\/wp\/v2\/posts\/2531\/revisions\/2542"}],"wp:attachment":[{"href":"http:\/\/www.parafiakuligow.pl\/index.php\/wp-json\/wp\/v2\/media?parent=2531"}],"wp:term":[{"taxonomy":"category","embeddable":true,"href":"http:\/\/www.parafiakuligow.pl\/index.php\/wp-json\/wp\/v2\/categories?post=2531"},{"taxonomy":"post_tag","embeddable":true,"href":"http:\/\/www.parafiakuligow.pl\/index.php\/wp-json\/wp\/v2\/tags?post=2531"}],"curies":[{"name":"wp","href":"https:\/\/api.w.org\/{rel}","templated":true}]}}