{"id":2505,"date":"2023-12-24T15:08:31","date_gmt":"2023-12-24T14:08:31","guid":{"rendered":"https:\/\/www.parafiakuligow.pl\/?p=2505"},"modified":"2023-12-24T15:13:21","modified_gmt":"2023-12-24T14:13:21","slug":"24-grudnia-2023-iv-niedziela-adwentu","status":"publish","type":"post","link":"http:\/\/www.parafiakuligow.pl\/index.php\/2023\/12\/24\/24-grudnia-2023-iv-niedziela-adwentu\/","title":{"rendered":"24 grudnia 2023 \u2013 IV Niedziela Adwentu"},"content":{"rendered":"\n<ol type=\"1\"><li>24 grudnia 2023 o godz. 24.00 Msz\u0105 \u015bw. rozpoczynamy celebracj\u0119 Uroczysto\u015bci Narodzenia Pa\u0144skiego.<br>Pasterka o godz. 24.00<br>25 i 26 grudnia Msze \u015bw. o godz. 9.00 i 11.00<br>Taca z pasterki przeznaczona jest na Fundusz Obrony \u017bycia, w drugi dzie\u0144 \u015bwiat tace na budow\u0119 nowych \u015bwi\u0105ty\u0144 w Diecezji<\/li><li>W przysz\u0142\u0105 niedziel\u0119 31.12.2023 uroczysto\u015b\u0107 \u015awi\u0119tej Rodziny: Jezusa, Maryi i J\u00f3zefa.<br>1.01.2024 \u2013 Uroczysto\u015b\u0107 \u015awi\u0119tej Bo\u017cej Rodzicielki \u2013 Msze \u015bw. jak w niedziel\u0119.<br>B\u0142ogos\u0142awionych \u015awi\u0105t Bo\u017cego Narodzenia, niech nowonarodzony Jezus \u2013 Ksi\u0105\u017ce Pokoju \u2013 kt\u00f3ry patrzy\u0142 na wszystkich z mi\u0142o\u015bci\u0105, niech obdarzy nas Pokojem i obficie udzieli nam swoich \u0142ask.<\/li><li>Serdeczne podzi\u0119kowania wszystkim, kt\u00f3rzy przez r\u00f3\u017cne pos\u0142ugi przyczynili si\u0119 do przygotowania Uroczysto\u015bci. Dzi\u0119kujemy Gra\u017cynie i Tadeuszowi Sta\u0144czak za po\u015brednictwo w przekazaniu za darmo choinek od p. Wardakowskich z Firmy Ogrodniczej \u201eWitona\u201d w Radzyminie. Za obsadzenie choinek p. Miros\u0142awowi Kuligowskiemu, Leszkowi i Zdzis\u0142awowi Karasiewicz. Za dekoracj\u0119 \u015bwi\u0105tyni dzi\u0119kujemy Gra\u017cynie Sta\u0144czak, Miros\u0142awie Karasiewicz, Ilonie Pi\u00f3rkowskiej, Krystynie, Ewie i Mai Chrzanowskim za dekoracje i wykonanie dzwonk\u00f3w. Pani Alicji Czerwi\u0144skiej za wypranie szat Liturgicznych.<\/li><li>W tygodniku \u201eIdziemy\u201d jest kalendarz na 2024 rok oraz obrz\u0119d Wieczerzy Wigilijnej i \u015bpiewnik kol\u0119d. Cena 10 z\u0142.<\/li><\/ol>\n\n\n\n<h3 class=\"has-text-align-center\"><strong>Kol\u0119da 2024 r.<\/strong><\/h3>\n\n\n\n<p>Wtorek 2.01.2024 \u2013 od godz. 9.30, ul. Wojska Polskiego od Za\u0142ubic do numeru 40 w\u0142\u0105cznie<\/p>\n\n\n\n<p>\u015aroda 3.01.2024 \u2013 od godz. 9.30, ul. Wojska Polskiego od numeru 40 do ul. Radzymi\u0144skiej<\/p>\n\n\n\n<p>Czwartek 4.01.2024 &#8211; od godz. 9.30, ul. Za\u0142ubicka, Brzozowa, Zap\u00f3lna, Modrzewiowa, Cytrynowa, Zakopia\u0144ska<\/p>\n\n\n\n<p>Pi\u0105tek 5.01.2024 &#8211; od godz. 9.30, ul. Radzymi\u0144ska, Piwna, Choinki, Loreta\u0144ska, Grobla, Podle\u015bna, Sosnowa, Bagienna, D\u0119binowa<\/p>\n\n\n\n<p>Plan kol\u0119dy umieszczony jest te\u017c w gablocie.<\/p>\n\n\n\n<h4 class=\"has-text-align-center\"><strong>Intencje Mszalne<\/strong><\/h4>\n\n\n\n<h4 class=\"has-text-align-center\"><strong>24-31 grudnia 2023r oraz 01.01.2024 roku<\/strong><\/h4>\n\n\n\n<p><strong>Niedziela 24.12.2023&nbsp;&nbsp;&nbsp;&nbsp;<\/strong><br>g. 9.00&nbsp;&nbsp;&nbsp;&nbsp;&nbsp;&nbsp;&nbsp;&nbsp; + Anna, Zygmunt, Jadwiga Liszewscy<br>g. 11.00&nbsp;&nbsp;&nbsp;&nbsp;&nbsp;&nbsp; + Lucyn\u0119 Barszczewsk\u0105<br><strong>Poniedzia\u0142ek 25.12.2023<\/strong><br>g. 00.00&nbsp;&nbsp;&nbsp;&nbsp;&nbsp;&nbsp; <strong>PASTERKA<\/strong> za Parafian<br>g. 9.00&nbsp;&nbsp;&nbsp;&nbsp;&nbsp;&nbsp;&nbsp;&nbsp; +Edwarda i Mari\u0119 Dobek<br>g. 11.00&nbsp;&nbsp;&nbsp;&nbsp;&nbsp;&nbsp; &#8211; zam\u00f3wiona<br><strong>Wtorek 26.12.2023<\/strong><br>g. 9.00 &nbsp;&nbsp;&nbsp;&nbsp;&nbsp;&nbsp;&nbsp; + Romana i Jadwig\u0119 Kostrzew\u00f3w, dziadk\u00f3w Kostrzew\u00f3w<br>g. 11.00&nbsp;&nbsp;&nbsp;&nbsp;&nbsp;&nbsp; + zam\u00f3wiona<br><strong>\u015aroda 27.12.2023<\/strong><br>g. 18.00 &nbsp;&nbsp;&nbsp;&nbsp;&nbsp; int. wolna<br><strong>Czwartek 28.12.2023<\/strong>&nbsp;&nbsp;&nbsp;<br>g. 7.00 &nbsp;&nbsp;&nbsp;&nbsp;&nbsp;&nbsp;&nbsp; za parafian<br><strong>Pi\u0105tek 29.12.2022<\/strong><br>g. 18.00 &nbsp;&nbsp;&nbsp;&nbsp;&nbsp; &nbsp;+ J\u00f3zefa Augustyniaka<br><strong>Sobota 23.12.2023<\/strong><br>g. 18.00 &nbsp;&nbsp;&nbsp;&nbsp;&nbsp; + Eugeniusz \u0141ukasik<br><strong>Niedziela 31.12.2023&nbsp;&nbsp;&nbsp;&nbsp;<\/strong><br>g. 9.00&nbsp;&nbsp;&nbsp;&nbsp;&nbsp;&nbsp;&nbsp;&nbsp; + int. wolna<br>g. 11.00&nbsp;&nbsp;&nbsp;&nbsp;&nbsp;&nbsp; + Mariana Gajewskiego 30 dzie\u0144 po \u015bmierci<br><strong>Poniedzia\u0142ek 01.01.2024<\/strong> &#8211; <strong>Uroczysto\u015b\u0107 \u015awi\u0119tej Bo\u017cej Rodzicielki Maryi<\/strong><br>g. 9.00&nbsp;&nbsp;&nbsp;&nbsp;&nbsp;&nbsp;&nbsp;&nbsp; + zam\u00f3wiona<br>g. 11.00&nbsp;&nbsp;&nbsp;&nbsp;&nbsp;&nbsp; + int. wolna<\/p>\n","protected":false},"excerpt":{"rendered":"<p>24 grudnia 2023 o godz. 24.00 Msz\u0105 \u015bw. rozpoczynamy celebracj\u0119 Uroczysto\u015bci Narodzenia Pa\u0144skiego.Pasterka o godz. 24.0025 i 26 grudnia Msze \u015bw. o godz. 9.00 i 11.00Taca z pasterki przeznaczona jest na Fundusz Obrony \u017bycia, w drugi dzie\u0144 \u015bwiat tace na budow\u0119 nowych \u015bwi\u0105ty\u0144 w Diecezji W przysz\u0142\u0105 niedziel\u0119 31.12.2023 uroczysto\u015b\u0107 [&hellip;]<\/p>\n","protected":false},"author":2,"featured_media":0,"comment_status":"closed","ping_status":"closed","sticky":false,"template":"","format":"standard","meta":[],"categories":[2],"tags":[],"_links":{"self":[{"href":"http:\/\/www.parafiakuligow.pl\/index.php\/wp-json\/wp\/v2\/posts\/2505"}],"collection":[{"href":"http:\/\/www.parafiakuligow.pl\/index.php\/wp-json\/wp\/v2\/posts"}],"about":[{"href":"http:\/\/www.parafiakuligow.pl\/index.php\/wp-json\/wp\/v2\/types\/post"}],"author":[{"embeddable":true,"href":"http:\/\/www.parafiakuligow.pl\/index.php\/wp-json\/wp\/v2\/users\/2"}],"replies":[{"embeddable":true,"href":"http:\/\/www.parafiakuligow.pl\/index.php\/wp-json\/wp\/v2\/comments?post=2505"}],"version-history":[{"count":7,"href":"http:\/\/www.parafiakuligow.pl\/index.php\/wp-json\/wp\/v2\/posts\/2505\/revisions"}],"predecessor-version":[{"id":2514,"href":"http:\/\/www.parafiakuligow.pl\/index.php\/wp-json\/wp\/v2\/posts\/2505\/revisions\/2514"}],"wp:attachment":[{"href":"http:\/\/www.parafiakuligow.pl\/index.php\/wp-json\/wp\/v2\/media?parent=2505"}],"wp:term":[{"taxonomy":"category","embeddable":true,"href":"http:\/\/www.parafiakuligow.pl\/index.php\/wp-json\/wp\/v2\/categories?post=2505"},{"taxonomy":"post_tag","embeddable":true,"href":"http:\/\/www.parafiakuligow.pl\/index.php\/wp-json\/wp\/v2\/tags?post=2505"}],"curies":[{"name":"wp","href":"https:\/\/api.w.org\/{rel}","templated":true}]}}