{"id":250,"date":"2015-12-19T23:04:57","date_gmt":"2015-12-19T22:04:57","guid":{"rendered":"http:\/\/www.parafiakuligow.pl\/?p=250"},"modified":"2015-12-19T23:15:48","modified_gmt":"2015-12-19T22:15:48","slug":"20-grudzien-2015-r-iv-niedziela-adwentu","status":"publish","type":"post","link":"http:\/\/www.parafiakuligow.pl\/index.php\/2015\/12\/19\/20-grudzien-2015-r-iv-niedziela-adwentu\/","title":{"rendered":"20 grudzie\u0144 2015 r.  IV niedziela Adwentu"},"content":{"rendered":"<ol>\n<li>Przed nami ostatnie dni adwentu. Zadbajmy o to, aby nasze dusze by\u0142y w stanie \u0142aski u\u015bwi\u0119caj\u0105cej. Mo\u017cliwo\u015b\u0107 spowiedzi przed i po ka\u017cdej Mszy \u015bw. a\u017c do ostatnich rorat tzn. do 24 grudnia w wigili\u0119 rano.<\/li>\n<li>Osoby chore, kt\u00f3re nie mog\u0105 przyby\u0107 do ko\u015bcio\u0142a a chcia\u0142yby przed \u015bwi\u0119tami wyspowiada\u0107 si\u0119\u00a0i przyj\u0105\u0107 Komuni\u0119 \u015bwi\u0119t\u0105 prosimy o zg\u0142oszenie do ks. Proboszcza.<\/li>\n<li>Mo\u017cna jeszcze zaopatrzy\u0107 si\u0119 w op\u0142atki na st\u00f3\u0142 wigilijny a tak\u017ce naby\u0107 \u015bwiec\u0119 Caritas wspieraj\u0105c Wigilijne Dzie\u0142o Pomocy Dzieciom.<\/li>\n<li>Tych, kt\u00f3rzy w tym roku jeszcze nie zd\u0105\u017cyli lub zapomnieli przekaza\u0107 zadeklarowanej sk\u0142adki\u00a0na sprz\u0105tanie ko\u015bcio\u0142a prosimy o dope\u0142nienie tego zobowi\u0105zania. Tak\u017ce i w ten spos\u00f3b oka\u017cmy wzajemn\u0105 solidarno\u015b\u0107 i nasz\u0105 trosk\u0119 o dobro wsp\u00f3lne.<\/li>\n<li>W pi\u0105tek 25 grudnia Uroczysto\u015b\u0107 Narodzenia Pa\u0144skiego. Pasterka tradycyjnie o p\u00f3\u0142nocy.Z racji uroczysto\u015bci mo\u017cna spo\u017cywa\u0107 pokarmy mi\u0119sne. W pierwszy i drugi dzie\u0144 Bo\u017cego Narodzenia Msze \u015bw. wed\u0142ug porz\u0105dku niedzielnego tzn. o 9.00 i 11.00 Taca z pasterki przeznaczona jest na Fundusz Obrony \u017bycia, a w drugi dzie\u0144 \u015awi\u0105t na budow\u0119 nowych ko\u015bcio\u0142\u00f3w w diecezji.<\/li>\n<li>Wizyta duszpasterska &#8211; czyli kol\u0119da w naszej parafii. To \u0142aska wsp\u00f3lnej modlitwy i przyj\u0119cia przez rodzin\u0119 Bo\u017cego b\u0142ogos\u0142awie\u0144stwa. To tak\u017ce sposobno\u015b\u0107 do rozmowy i budowania wsp\u00f3lnoty. Pami\u0119tajmy o zapalonej \u015bwiecy i wodzie \u015bwi\u0119conej. Uchylona furtka niech b\u0119dzie znakiem oczekiwania na kap\u0142ana.<\/li>\n<\/ol>\n<p><strong>Poniedzia\u0142ek 28 XII od godz. 10.00<\/strong><br \/>\nul. Wojska Polskiego cz\u0119\u015b\u0107 I od Za\u0142ubic w kierunku ko\u015bcio\u0142a\u2028do nr 58<br \/>\ndo p. Jaworskich<\/p>\n<p><strong>Wtorek 29 XII od godz. 10.00<br \/>\n<\/strong>\u2028ul. Wojska Polskiego cz\u0119\u015b\u0107 II od nr 56 od p. D\u0105browskich do nr 27 do p. Za\u0142\u0119skich<\/p>\n<p><strong>\u015aroda\u2028 30. XII od godz. 10.00<\/strong><br \/>\nul. Wojska polskiego cz\u0119\u015b\u0107 III od nr 28 od p. Redlin do ul. Radzymi\u0144skiej<\/p>\n<p><strong>Sobota 2. I 2016 od godz. 10.00<br \/>\n<\/strong>\u2028ul. Za\u0142ubicka, Cytrynowa i Zapolna<\/p>\n<p>Gdyby kto\u015b z wa\u017cnej przyczyny nie m\u00f3g\u0142 przyj\u0105\u0107 ksi\u0119dza w wyznaczonym terminie\u2028prosz\u0119 o kontakt w celu ustalenia innej daty spotkania.<\/p>\n<p>Intencje mszalne:<\/p>\n<p>ndz 20. XII\u2028III Niedziela Adwentu<br \/>\ng. 9.00\u2028 O Bo\u017ce b\u0142ogos\u0142awie\u0144stwo i potrzebne \u0142aski dla dzieci Alfredy, El\u017cbiety i Miros\u0142awa, dla wnuk\u00f3w Hanny, Jarka i Oli oraz w intencji ofiarodawc\u00f3w<br \/>\ng. 11.00 + Leonarda, Feliksy, Leonarda i Marianny Sosi\u0144skich<\/p>\n<p>pn 21. XII<br \/>\ng. 18.00 + Lecha Osi\u0144skiego w 30 dzie\u0144 po \u015bmierci<\/p>\n<p>wt\u00a022. XII<br \/>\ng. 7.00 roraty za parafian<\/p>\n<p>\u015br 23. XII<br \/>\ng. 18.00 roraty za parafian<\/p>\n<p>czw 24. XII<br \/>\ng. 7.00 roraty za parafian<\/p>\n<p>UROCZYSTO\u015a\u0106 NARODZENIA PA\u0143SKIEGO<br \/>\npt 25. XII<br \/>\ng. 24.00 PASTERKA za parafian<br \/>\ng. 9.00 + Romany Za\u0142\u0119skiej\u2028g.<br \/>\ng. 11.00 + Adama Getka<\/p>\n<p>sob 26. XII<br \/>\ng. 9.00 rez. p. Ewa D\u0105browska<br \/>\ng. 11.00 + Mieczys\u0142awa Za\u0142\u0119skiego w 12 r. \u015bm.<\/p>\n<p>ndz 27. XII Niedziela \u015bw. Rodziny<br \/>\ng. 9.00 + Jadwigi i Romana w 12 r. \u015bm. Kostrzew\u00f3w<br \/>\ng. 11.00 + Leonarda i Genowefy \u017bochowskich<\/p>\n","protected":false},"excerpt":{"rendered":"<p>Przed nami ostatnie dni adwentu. Zadbajmy o to, aby nasze dusze by\u0142y w stanie \u0142aski u\u015bwi\u0119caj\u0105cej. Mo\u017cliwo\u015b\u0107 spowiedzi przed i po ka\u017cdej Mszy \u015bw. a\u017c do ostatnich rorat tzn. do 24 grudnia w wigili\u0119 rano. Osoby chore, kt\u00f3re nie mog\u0105 przyby\u0107 do ko\u015bcio\u0142a a chcia\u0142yby przed \u015bwi\u0119tami wyspowiada\u0107 si\u0119\u00a0i przyj\u0105\u0107 [&hellip;]<\/p>\n","protected":false},"author":1,"featured_media":0,"comment_status":"closed","ping_status":"open","sticky":false,"template":"","format":"standard","meta":[],"categories":[2],"tags":[],"_links":{"self":[{"href":"http:\/\/www.parafiakuligow.pl\/index.php\/wp-json\/wp\/v2\/posts\/250"}],"collection":[{"href":"http:\/\/www.parafiakuligow.pl\/index.php\/wp-json\/wp\/v2\/posts"}],"about":[{"href":"http:\/\/www.parafiakuligow.pl\/index.php\/wp-json\/wp\/v2\/types\/post"}],"author":[{"embeddable":true,"href":"http:\/\/www.parafiakuligow.pl\/index.php\/wp-json\/wp\/v2\/users\/1"}],"replies":[{"embeddable":true,"href":"http:\/\/www.parafiakuligow.pl\/index.php\/wp-json\/wp\/v2\/comments?post=250"}],"version-history":[{"count":5,"href":"http:\/\/www.parafiakuligow.pl\/index.php\/wp-json\/wp\/v2\/posts\/250\/revisions"}],"predecessor-version":[{"id":255,"href":"http:\/\/www.parafiakuligow.pl\/index.php\/wp-json\/wp\/v2\/posts\/250\/revisions\/255"}],"wp:attachment":[{"href":"http:\/\/www.parafiakuligow.pl\/index.php\/wp-json\/wp\/v2\/media?parent=250"}],"wp:term":[{"taxonomy":"category","embeddable":true,"href":"http:\/\/www.parafiakuligow.pl\/index.php\/wp-json\/wp\/v2\/categories?post=250"},{"taxonomy":"post_tag","embeddable":true,"href":"http:\/\/www.parafiakuligow.pl\/index.php\/wp-json\/wp\/v2\/tags?post=250"}],"curies":[{"name":"wp","href":"https:\/\/api.w.org\/{rel}","templated":true}]}}