{"id":2482,"date":"2023-11-26T00:23:00","date_gmt":"2023-11-25T23:23:00","guid":{"rendered":"https:\/\/www.parafiakuligow.pl\/?p=2482"},"modified":"2023-11-25T17:29:10","modified_gmt":"2023-11-25T16:29:10","slug":"26-listopada-2023-34-niedziela-zwykla","status":"publish","type":"post","link":"http:\/\/www.parafiakuligow.pl\/index.php\/2023\/11\/26\/26-listopada-2023-34-niedziela-zwykla\/","title":{"rendered":"26 listopada 2023 \u2013 34 Niedziela Zwyk\u0142a"},"content":{"rendered":"\n<ol type=\"1\"><li>W przysz\u0142\u0105 niedziel\u0119 prze\u017cywamy pierwsz\u0105 Niedziel\u0119 Adwentu. W naszej parafii rozpoczynaj\u0105 si\u0119 Rekolekcje Adwentowe:<br>Plan Rekolekcji<br>Niedziela 3.12.2023 &#8211; Msze \u015bw. o godz. 9.00 i 11.00<br>Poniedzia\u0142ek 4.12.2023 \u2013 Msze \u015bw. o godz. 9.00 i 18.00<br>Wtorek 5.12.2023 \u2013 Msze \u015bw. o godz. 9.00 i 18.00<br>Spowied\u017a w poniedzia\u0142ek i wtorek o godz. 8.30 i 17.30.<br>Zapraszamy do skorzystania z wa\u017cnego czasu rekolekcji, kt\u00f3re przygotuj\u0105 nas do prze\u017cuwania Adwentu i Uroczysto\u015bci Bo\u017cego Narodzenia.<\/li><li>Zapraszamy w Adwencie na Msze \u015bw. Roratnie. Dla dzieci mamy naklejki i obrazki, kt\u00f3re na ko\u0144cu Adwentu uka\u017c\u0105 pi\u0119kn\u0105 panoram\u0119 Szopki Bo\u017conarodzeniowej. Godziny Mszy \u015bw. Roratnich b\u0119d\u0105 podawane w ka\u017cd\u0105 niedziel\u0119 Adwentu.<\/li><li>W tym tygodniu:<br>&#8211; pi\u0105tek 1.12.2023 \u2013 pierwszy pi\u0105tek miesi\u0105ca, Adoracja Naj\u015bwi\u0119tszego Sakramentu i spowied\u017a od godz. 17.30<br>&#8211; sobot\u0119 2.12.2023 \u2013 pierwsza sobota miesi\u0105ca Adoracja Naj\u015bwi\u0119tszego Sakramentu i r\u00f3\u017caniec od godz. 17.30<\/li><li>Wszystkim przebywaj\u0105cym na terenie naszej parafii \u017cyczymy dobrego odpoczynku i b\u0142ogos\u0142awionego tygodnia.<\/li><li>Zach\u0119camy do nabywania i czytania prasy katolickiej.<\/li><\/ol>\n\n\n\n<h4 class=\"has-text-align-center\"><strong>Intencje Mszalne<\/strong><\/h4>\n\n\n\n<h4 class=\"has-text-align-center\"><strong>26 listopad \u2013 3 grudnia 2023r<\/strong><\/h4>\n\n\n\n<p><strong>Niedziela 26.11.2023\u00a0\u00a0\u00a0\u00a0<\/strong><br>g. 9.00\u00a0\u00a0\u00a0\u00a0\u00a0\u00a0\u00a0\u00a0 + Andrzej Kope\u0107 1 r. \u015bm.<br>g. 11.00\u00a0\u00a0\u00a0\u00a0\u00a0\u00a0 + 13 r. \u015bm. Honorat\u0119 Kuligowsk\u0105<br>\u00a0\u00a0\u00a0\u00a0\u00a0\u00a0\u00a0\u00a0\u00a0\u00a0\u00a0\u00a0\u00a0\u00a0\u00a0\u00a0\u00a0\u00a0\u00a0 + Wojciecha Krawczy\u0144skiego<br><strong>Poniedzia\u0142ek 27.1.2023<\/strong><br>g. 18.00 \u00a0\u00a0\u00a0\u00a0\u00a0 + J\u00f3zefa Augustyniaka<br><strong>Wtorek 28.11.2023<\/strong><br>g. 7.00\u00a0\u00a0\u00a0\u00a0\u00a0\u00a0\u00a0\u00a0 za Parafian<br><strong>\u015aroda 29.11.2023<\/strong><br>g. 18.00\u00a0\u00a0\u00a0\u00a0\u00a0\u00a0 int. wolna<br><strong>Czwartek 30.11.2023<\/strong>\u00a0\u00a0\u00a0\u00a0<br>g. 7.00 \u00a0\u00a0\u00a0\u00a0\u00a0\u00a0\u00a0 + Kazimierza Staniak<br><strong>Pi\u0105tek 01.12.2022<\/strong><br>g. 18.00 \u00a0\u00a0\u00a0\u00a0\u00a0 za zmar\u0142ych poleconych w wypominkach<br><strong>Sobota 02.12.2023<\/strong><br>g. 18.00 \u00a0\u00a0\u00a0\u00a0\u00a0 w int. R\u00f3\u017cy R\u00f3\u017ca\u0144cowej pod wezwaniem \u015bw. Jana Paw\u0142a II<br><strong>Niedziela 03.12.2023\u00a0\u00a0\u00a0\u00a0<\/strong><br>g. 9.00\u00a0\u00a0\u00a0\u00a0\u00a0\u00a0\u00a0\u00a0 + Rafa\u0142a M\u0142oduchowskiego z 1 rocznic\u0119 pogrzebu<br>g. 11.00\u00a0\u00a0\u00a0\u00a0\u00a0\u00a0 + Kazimierza Karasiewicza<\/p>\n","protected":false},"excerpt":{"rendered":"<p>W przysz\u0142\u0105 niedziel\u0119 prze\u017cywamy pierwsz\u0105 Niedziel\u0119 Adwentu. W naszej parafii rozpoczynaj\u0105 si\u0119 Rekolekcje Adwentowe:Plan RekolekcjiNiedziela 3.12.2023 &#8211; Msze \u015bw. o godz. 9.00 i 11.00Poniedzia\u0142ek 4.12.2023 \u2013 Msze \u015bw. o godz. 9.00 i 18.00Wtorek 5.12.2023 \u2013 Msze \u015bw. o godz. 9.00 i 18.00Spowied\u017a w poniedzia\u0142ek i wtorek o godz. 8.30 i [&hellip;]<\/p>\n","protected":false},"author":2,"featured_media":0,"comment_status":"closed","ping_status":"closed","sticky":false,"template":"","format":"standard","meta":[],"categories":[2],"tags":[],"_links":{"self":[{"href":"http:\/\/www.parafiakuligow.pl\/index.php\/wp-json\/wp\/v2\/posts\/2482"}],"collection":[{"href":"http:\/\/www.parafiakuligow.pl\/index.php\/wp-json\/wp\/v2\/posts"}],"about":[{"href":"http:\/\/www.parafiakuligow.pl\/index.php\/wp-json\/wp\/v2\/types\/post"}],"author":[{"embeddable":true,"href":"http:\/\/www.parafiakuligow.pl\/index.php\/wp-json\/wp\/v2\/users\/2"}],"replies":[{"embeddable":true,"href":"http:\/\/www.parafiakuligow.pl\/index.php\/wp-json\/wp\/v2\/comments?post=2482"}],"version-history":[{"count":2,"href":"http:\/\/www.parafiakuligow.pl\/index.php\/wp-json\/wp\/v2\/posts\/2482\/revisions"}],"predecessor-version":[{"id":2485,"href":"http:\/\/www.parafiakuligow.pl\/index.php\/wp-json\/wp\/v2\/posts\/2482\/revisions\/2485"}],"wp:attachment":[{"href":"http:\/\/www.parafiakuligow.pl\/index.php\/wp-json\/wp\/v2\/media?parent=2482"}],"wp:term":[{"taxonomy":"category","embeddable":true,"href":"http:\/\/www.parafiakuligow.pl\/index.php\/wp-json\/wp\/v2\/categories?post=2482"},{"taxonomy":"post_tag","embeddable":true,"href":"http:\/\/www.parafiakuligow.pl\/index.php\/wp-json\/wp\/v2\/tags?post=2482"}],"curies":[{"name":"wp","href":"https:\/\/api.w.org\/{rel}","templated":true}]}}