{"id":2461,"date":"2023-10-15T08:21:03","date_gmt":"2023-10-15T06:21:03","guid":{"rendered":"https:\/\/www.parafiakuligow.pl\/?p=2461"},"modified":"2023-10-15T08:21:04","modified_gmt":"2023-10-15T06:21:04","slug":"15-pazdziernika-2023","status":"publish","type":"post","link":"http:\/\/www.parafiakuligow.pl\/index.php\/2023\/10\/15\/15-pazdziernika-2023\/","title":{"rendered":"15 pa\u017adziernika 2023"},"content":{"rendered":"\n<ol type=\"1\"><li>Tegoroczny Dzie\u0144 Papieski \u015bwi\u0119tujemy pod has\u0142em \u201eCywilizacja \u017cycia\u201d \u015bw. Jan Pawe\u0142 II ostrzega\u0142 przed kultur\u0105 \u015bmierci<\/li><li>W tym tygodniu w Liturgii Ko\u015bcio\u0142a wspominany:<br>&#8211; poniedzia\u0142ek 16.10 \u2013 wsp. \u015bw. Jadwigi \u015bl\u0105skiej<br>&#8211; wtorek 17.10 \u2013 wsp. \u015bw. Ignacego Antioche\u0144skiego biskupa i m\u0119czennika<br>&#8211; \u015brod\u0119 18.10 \u2013 \u015bwi\u0119to \u015bw. \u0141ukasza Ewangelisty<br>&#8211; pi\u0105tek 20.10 \u2013 wsp. \u015bw. Jana Kontego prezbitera.<\/li><li>Przyjmujemy na wypominki. W wypominkach rocznych modlimy si\u0119 oza zmar\u0142ych w ka\u017cd\u0105 niedziel\u0119 oraz ofiarujemy Msze \u015bw, w ich intencji. Wypominki jednorazowe czytamy wraz z modlitw\u0105 w Uroczysto\u015b\u0107 Wszystkich \u015awi\u0119tych 1 listopada w czasie procesji na cmentarzu w Za\u0142ubicach w we Wspomnienie Wszystkich Wiernych zmar\u0142ych 2 listopada o godz. 17.30 przed Msz\u0105 \u015bw. w Kuligowie. Zg\u0142aszanych zmar\u0142ych mo\u017cemy wypisa\u0107 na kartkach wy\u0142o\u017conych na stoliku z pras\u0105 katolick\u0105.<\/li><li>Zapraszamy wszystkich parafian i go\u015bci do modlitwy R\u00f3\u017ca\u0144cowej.<br>W poniedzia\u0142ek, \u015brod\u0119, pi\u0105tek i sobot\u0119 o godz. 17.30<br>We wtorek i czwartek po Mszy \u015bw. o godz. 7.00<br>W niedziel\u0119 po Mszy \u015bw. o 11.00<\/li><li>W \u015brod\u0119 18.10 r\u00f3\u017caniec poprowadz\u0105 wraz z ksi\u0119dzem i rodzicami dzieci przygotowuj\u0105ce si\u0119 do I Komunii \u015aw.<\/li><li>W przysz\u0142\u0105 niedziel\u0119 taca przeznaczona na misje.<\/li><li>Wszystkim przebywaj\u0105cym na terenie naszej parafii \u017cyczymy dobrego odpoczynku i b\u0142ogos\u0142awionego tygodnia.<\/li><li>Zach\u0119camy do czytania prasy katolickiej.<\/li><\/ol>\n\n\n\n<h4 class=\"has-text-align-center\"><strong>Intencje Mszalne<\/strong><\/h4>\n\n\n\n<h4 class=\"has-text-align-center\"><strong>15 &#8211; 22 Pa\u017adziernik 2023r<\/strong><\/h4>\n\n\n\n<p><strong>Niedziela 15.10.2023&nbsp;&nbsp;&nbsp;&nbsp;<\/strong><\/p>\n\n\n\n<p>g. 9.00&nbsp;&nbsp;&nbsp;&nbsp;&nbsp;&nbsp;&nbsp;&nbsp; + Henryka 1 r. \u015bm., Apolinarego i Mariann\u0119 \u0141asicz<\/p>\n\n\n\n<p>g. 11.00&nbsp;&nbsp;&nbsp;&nbsp;&nbsp;&nbsp; + Weronik\u0119 i Franciszka Czerwi\u0144skich<\/p>\n\n\n\n<p>&nbsp;&nbsp;&nbsp;&nbsp;&nbsp;&nbsp;&nbsp;&nbsp;&nbsp;&nbsp;&nbsp;&nbsp;&nbsp;&nbsp;&nbsp;&nbsp;&nbsp;&nbsp;&nbsp; R\u00f3\u017caniec<\/p>\n\n\n\n<p><strong>Poniedzia\u0142ek. 16.10.2023<\/strong><\/p>\n\n\n\n<p>g. 17.30&nbsp;&nbsp;&nbsp;&nbsp;&nbsp;&nbsp; R\u00f3\u017caniec<\/p>\n\n\n\n<p>g. 18.00 &nbsp;&nbsp;&nbsp;&nbsp;&nbsp; int. wolna<\/p>\n\n\n\n<p><strong>Wtorek 17.10.2023<\/strong><\/p>\n\n\n\n<p>g. 7.00&nbsp;&nbsp;&nbsp;&nbsp;&nbsp;&nbsp;&nbsp;&nbsp; za Parafian<\/p>\n\n\n\n<p>&nbsp;&nbsp;&nbsp;&nbsp;&nbsp;&nbsp;&nbsp;&nbsp;&nbsp;&nbsp;&nbsp;&nbsp;&nbsp;&nbsp;&nbsp;&nbsp;&nbsp;&nbsp;&nbsp; R\u00f3\u017caniec<\/p>\n\n\n\n<p><strong>\u015aroda 18.10.2023<\/strong><\/p>\n\n\n\n<p>g. 17.30&nbsp;&nbsp;&nbsp;&nbsp;&nbsp;&nbsp; R\u00f3\u017caniec<\/p>\n\n\n\n<p>g. 18.00 &nbsp;&nbsp;&nbsp;&nbsp;&nbsp; + Sylwester Grzeszkiewicz 3 r. \u015bm. dziadk\u00f3w D\u0119bowskich i Grzeszkiewicz\u00f3w<\/p>\n\n\n\n<p><strong>Czwartek 19.10.2023<\/strong>&nbsp;&nbsp;&nbsp;<br>g. 7.00 &nbsp;&nbsp;&nbsp;&nbsp;&nbsp;&nbsp;&nbsp; za Parafian<\/p>\n\n\n\n<p>&nbsp;&nbsp;&nbsp;&nbsp;&nbsp;&nbsp;&nbsp;&nbsp;&nbsp;&nbsp;&nbsp;&nbsp;&nbsp;&nbsp;&nbsp;&nbsp;&nbsp;&nbsp;&nbsp; R\u00f3\u017caniec<\/p>\n\n\n\n<p><strong>Pi\u0105tek 20.10.2022<\/strong><\/p>\n\n\n\n<p>g. 17.30&nbsp;&nbsp;&nbsp;&nbsp;&nbsp;&nbsp; R\u00f3\u017caniec<\/p>\n\n\n\n<p>g. 18.00 &nbsp;&nbsp;&nbsp;&nbsp;&nbsp; + 1 rocznica \u015blubu Natalii i Marcina Szcz\u0119snych<\/p>\n\n\n\n<p><strong>Sobota 21.10.2023<\/strong><\/p>\n\n\n\n<p>g. 17.30&nbsp;&nbsp;&nbsp;&nbsp;&nbsp;&nbsp; R\u00f3\u017caniec<\/p>\n\n\n\n<p>g. 18.00 &nbsp;&nbsp;&nbsp;&nbsp;&nbsp; zam\u00f3wiona<strong><\/strong><\/p>\n\n\n\n<p><strong>Niedziela 22.10.2023&nbsp;&nbsp;&nbsp;&nbsp;<\/strong><\/p>\n\n\n\n<p>g. 9.00&nbsp;&nbsp;&nbsp;&nbsp;&nbsp;&nbsp;&nbsp;&nbsp; + Halin\u0119 Szczypka 2 r.\u015bm.<\/p>\n\n\n\n<p>g. 11.00&nbsp;&nbsp;&nbsp;&nbsp;&nbsp;&nbsp; zam\u00f3wiona<\/p>\n","protected":false},"excerpt":{"rendered":"<p>Tegoroczny Dzie\u0144 Papieski \u015bwi\u0119tujemy pod has\u0142em \u201eCywilizacja \u017cycia\u201d \u015bw. Jan Pawe\u0142 II ostrzega\u0142 przed kultur\u0105 \u015bmierci W tym tygodniu w Liturgii Ko\u015bcio\u0142a wspominany:&#8211; poniedzia\u0142ek 16.10 \u2013 wsp. \u015bw. Jadwigi \u015bl\u0105skiej&#8211; wtorek 17.10 \u2013 wsp. \u015bw. Ignacego Antioche\u0144skiego biskupa i m\u0119czennika&#8211; \u015brod\u0119 18.10 \u2013 \u015bwi\u0119to \u015bw. \u0141ukasza Ewangelisty&#8211; pi\u0105tek 20.10 \u2013 [&hellip;]<\/p>\n","protected":false},"author":2,"featured_media":0,"comment_status":"closed","ping_status":"closed","sticky":false,"template":"","format":"standard","meta":[],"categories":[2],"tags":[],"_links":{"self":[{"href":"http:\/\/www.parafiakuligow.pl\/index.php\/wp-json\/wp\/v2\/posts\/2461"}],"collection":[{"href":"http:\/\/www.parafiakuligow.pl\/index.php\/wp-json\/wp\/v2\/posts"}],"about":[{"href":"http:\/\/www.parafiakuligow.pl\/index.php\/wp-json\/wp\/v2\/types\/post"}],"author":[{"embeddable":true,"href":"http:\/\/www.parafiakuligow.pl\/index.php\/wp-json\/wp\/v2\/users\/2"}],"replies":[{"embeddable":true,"href":"http:\/\/www.parafiakuligow.pl\/index.php\/wp-json\/wp\/v2\/comments?post=2461"}],"version-history":[{"count":2,"href":"http:\/\/www.parafiakuligow.pl\/index.php\/wp-json\/wp\/v2\/posts\/2461\/revisions"}],"predecessor-version":[{"id":2463,"href":"http:\/\/www.parafiakuligow.pl\/index.php\/wp-json\/wp\/v2\/posts\/2461\/revisions\/2463"}],"wp:attachment":[{"href":"http:\/\/www.parafiakuligow.pl\/index.php\/wp-json\/wp\/v2\/media?parent=2461"}],"wp:term":[{"taxonomy":"category","embeddable":true,"href":"http:\/\/www.parafiakuligow.pl\/index.php\/wp-json\/wp\/v2\/categories?post=2461"},{"taxonomy":"post_tag","embeddable":true,"href":"http:\/\/www.parafiakuligow.pl\/index.php\/wp-json\/wp\/v2\/tags?post=2461"}],"curies":[{"name":"wp","href":"https:\/\/api.w.org\/{rel}","templated":true}]}}