{"id":2428,"date":"2023-09-02T20:18:00","date_gmt":"2023-09-02T18:18:00","guid":{"rendered":"https:\/\/www.parafiakuligow.pl\/?p=2428"},"modified":"2023-09-01T20:19:43","modified_gmt":"2023-09-01T18:19:43","slug":"03-wrzesnia-2023-22-niedziela-zwykla","status":"publish","type":"post","link":"http:\/\/www.parafiakuligow.pl\/index.php\/2023\/09\/02\/03-wrzesnia-2023-22-niedziela-zwykla\/","title":{"rendered":"03 wrze\u015bnia 2023 \u2013 22 NIEDZIELA ZWYK\u0141A"},"content":{"rendered":"\n<ol type=\"1\"><li>W dniu dzisiejszym po Mszy \u015bw. o godz. 11.00 wystawienie Naj\u015bwi\u0119tszego Sakramentu i adoracja \u2013 po ka\u017cdej Mszy \u015bw. zbi\u00f3rka do puszek na Katolicki O\u015brodek Adopcyjny<\/li><li>W przysz\u0142ym tygodniu taca przeznaczona b\u0119dzie na Seminarium Duchowne.<\/li><li>Jest ju\u017c ksi\u0105\u017cka intencji mszalnych na rok 2024, mo\u017cna zamawia\u0107 intencje mszalne.<\/li><li>W przysz\u0142\u0105 niedziel\u0119 po\u015bwi\u0119cenie przybor\u00f3w szkolnych i tornistr\u00f3w na Mszy \u015bw. o godz. 11.00. Zapraszamy wszystkie dzieci zw\u0142aszcza z kl. 0 i I.<\/li><li>Wszystkim przebywaj\u0105cym na terenie naszej parafii \u017cyczymy dobrego odpoczynku i b\u0142ogos\u0142awionego tygodnia.<\/li><li>Zach\u0119camy do czytania prasy katolickiej.<\/li><\/ol>\n\n\n\n<h3 class=\"has-text-align-center\"><strong>Intencje Mszalne<\/strong><\/h3>\n\n\n\n<h3 class=\"has-text-align-center\"><strong>03 \u2013 10 Wrzesie\u0144 2023r<\/strong><\/h3>\n\n\n\n<p><strong>Niedziela 03.09.2023 &#8211; 22 NIEDZIELA ZWYK\u0141A<\/strong><\/p>\n\n\n\n<p>g.&nbsp;&nbsp; 9.00&nbsp; &nbsp;&nbsp;&nbsp;&nbsp; + Stanis\u0142awa Jusi\u0144skiego<\/p>\n\n\n\n<p>g. 11.00&nbsp; &nbsp;&nbsp;&nbsp;&nbsp; + Jadwig\u0119, Kazimierza, Zdzis\u0142awa Jab\u0142o\u0144skich<\/p>\n\n\n\n<p><strong>Poniedzia\u0142ek. 04.09.2023<\/strong><\/p>\n\n\n\n<p>g. 18.00 &nbsp;&nbsp;&nbsp;&nbsp;&nbsp; int. Wolna<\/p>\n\n\n\n<p><strong>Wtorek 05.09.2023<\/strong><\/p>\n\n\n\n<p>g. 7.00&nbsp;&nbsp;&nbsp;&nbsp;&nbsp;&nbsp;&nbsp;&nbsp; int. Wolna<\/p>\n\n\n\n<p><strong>\u015aroda 06.09.2023<\/strong><\/p>\n\n\n\n<p>g. 18.00 &nbsp;&nbsp;&nbsp;&nbsp;&nbsp; + Rafa\u0142a M\u0142odzianowskiego<\/p>\n\n\n\n<p><strong>Czwartek 07.09.2023<\/strong>&nbsp;&nbsp;&nbsp;<br>g. 7.00 &nbsp;&nbsp;&nbsp;&nbsp;&nbsp;&nbsp;&nbsp; int. wolna<\/p>\n\n\n\n<p><strong>Pi\u0105tek 08.09.2023<\/strong><\/p>\n\n\n\n<p>g. 18.00 &nbsp;&nbsp;&nbsp;&nbsp;&nbsp; int. wolna<\/p>\n\n\n\n<p><strong>Sobota 09.09.2023&nbsp;&nbsp;&nbsp;&nbsp;&nbsp;&nbsp;&nbsp;&nbsp;<\/strong><\/p>\n\n\n\n<p>g. 19.00 &nbsp;&nbsp;&nbsp;&nbsp;&nbsp; + Jolant\u0119 Bieleck\u0105<\/p>\n\n\n\n<p><strong>Niedziela 10.09.2023&nbsp;&nbsp;&nbsp;&nbsp;<\/strong><\/p>\n\n\n\n<p>g. 9.00&nbsp;&nbsp;&nbsp;&nbsp;&nbsp;&nbsp;&nbsp;&nbsp; int. zam\u00f3wiona<\/p>\n\n\n\n<p>g. 11.00&nbsp;&nbsp;&nbsp;&nbsp;&nbsp;&nbsp; int. zam\u00f3wiona<\/p>\n\n\n\n<p><\/p>\n","protected":false},"excerpt":{"rendered":"<p>W dniu dzisiejszym po Mszy \u015bw. o godz. 11.00 wystawienie Naj\u015bwi\u0119tszego Sakramentu i adoracja \u2013 po ka\u017cdej Mszy \u015bw. zbi\u00f3rka do puszek na Katolicki O\u015brodek Adopcyjny W przysz\u0142ym tygodniu taca przeznaczona b\u0119dzie na Seminarium Duchowne. Jest ju\u017c ksi\u0105\u017cka intencji mszalnych na rok 2024, mo\u017cna zamawia\u0107 intencje mszalne. W przysz\u0142\u0105 niedziel\u0119 [&hellip;]<\/p>\n","protected":false},"author":2,"featured_media":0,"comment_status":"closed","ping_status":"closed","sticky":false,"template":"","format":"standard","meta":[],"categories":[2],"tags":[],"_links":{"self":[{"href":"http:\/\/www.parafiakuligow.pl\/index.php\/wp-json\/wp\/v2\/posts\/2428"}],"collection":[{"href":"http:\/\/www.parafiakuligow.pl\/index.php\/wp-json\/wp\/v2\/posts"}],"about":[{"href":"http:\/\/www.parafiakuligow.pl\/index.php\/wp-json\/wp\/v2\/types\/post"}],"author":[{"embeddable":true,"href":"http:\/\/www.parafiakuligow.pl\/index.php\/wp-json\/wp\/v2\/users\/2"}],"replies":[{"embeddable":true,"href":"http:\/\/www.parafiakuligow.pl\/index.php\/wp-json\/wp\/v2\/comments?post=2428"}],"version-history":[{"count":1,"href":"http:\/\/www.parafiakuligow.pl\/index.php\/wp-json\/wp\/v2\/posts\/2428\/revisions"}],"predecessor-version":[{"id":2429,"href":"http:\/\/www.parafiakuligow.pl\/index.php\/wp-json\/wp\/v2\/posts\/2428\/revisions\/2429"}],"wp:attachment":[{"href":"http:\/\/www.parafiakuligow.pl\/index.php\/wp-json\/wp\/v2\/media?parent=2428"}],"wp:term":[{"taxonomy":"category","embeddable":true,"href":"http:\/\/www.parafiakuligow.pl\/index.php\/wp-json\/wp\/v2\/categories?post=2428"},{"taxonomy":"post_tag","embeddable":true,"href":"http:\/\/www.parafiakuligow.pl\/index.php\/wp-json\/wp\/v2\/tags?post=2428"}],"curies":[{"name":"wp","href":"https:\/\/api.w.org\/{rel}","templated":true}]}}